{"id":13558,"date":"2020-05-04T20:21:05","date_gmt":"2020-05-04T23:21:05","guid":{"rendered":"http:\/\/www.esportesbrasilia.com.br\/noticias\/?p=13558"},"modified":"2020-05-04T20:21:07","modified_gmt":"2020-05-04T23:21:07","slug":"nbb-2019-2020-e-cancelado-e-nenhum-time-e-declarado-campeao","status":"publish","type":"post","link":"https:\/\/www.esportesbrasilia.com.br\/noticias\/basquete\/nbb-2019-2020-e-cancelado-e-nenhum-time-e-declarado-campeao.html","title":{"rendered":"NBB 2019\/2020 \u00e9 cancelado e nenhum time \u00e9 declarado campe\u00e3o"},"content":{"rendered":"\n<p>Uma reuni\u00e3o na tarde desta segunda-feira (04), envolvendo representantes dos 16 clubes participantes da temporada 2019\/2020 do Novo Basquete Brasil, definiu os rumos desta temporada.<\/p>\n\n\n\n<p>Por conta da pandemia do Coronav\u00edrus, por unanimidade, os representantes dos jogadores, diretores de clubes e Liga definiram pelo cancelamento desta temporada, sem declarar nenhum campe\u00e3o.<\/p>\n\n\n\n<p>A classifica\u00e7\u00e3o desta temporada servir\u00e1 apenas para definir os participantes da Liga Sul-Americana e da Champions League Am\u00e9ricas, novo nome dado \u00e0 Liga das Am\u00e9ricas.<\/p>\n\n\n\n<p>O Universo\/Bras\u00edlia, representante da capital federal, estava em 13\u00ba lugar na competi\u00e7\u00e3o quando o NBB foi suspenso. O Flamengo liderava o torneio, seguido por SESI Franca Basquete\/SP, S\u00e3o Paulo Futebol Clube\/SP e Minas T\u00eanis Clube\/MG. <\/p>\n\n\n\n<p><strong>Futuro incerto<\/strong><\/p>\n\n\n\n<p>Ainda n\u00e3o se sabe o futuro do basquete no pa\u00eds, por conta do Coronav\u00edrus. Esta temporada do NBB n\u00e3o ter\u00e1 prosseguimento, como voc\u00ea leu acima. As movimenta\u00e7\u00f5es para a temporada 2020\/2021 da principal competi\u00e7\u00e3o nacional devem come\u00e7ar em meados de setembro.<\/p>\n\n\n\n<p>Contudo, o Campeonato Brasileiro, que equivale \u00e0 segunda divis\u00e3o da modalidade no pa\u00eds, segue sem previs\u00e3o de in\u00edcio. A competi\u00e7\u00e3o deveria ter iniciado em 15 de mar\u00e7o, mas a Confedera\u00e7\u00e3o Brasileira de Basquete ainda n\u00e3o definiu uma data para a largada do torneio.<\/p>\n\n\n\n<p>O Campeonato Brasileiro ter\u00e1 um representante do Distrito Federal: o Cerrado Basquete, que volta a disputar a segunda divis\u00e3o nacional. Em 2019, o verd\u00e3o candango chegou \u00e0s quartas de final, quando foi eliminado pelo Unifacisa\/PB.<\/p>\n","protected":false},"excerpt":{"rendered":"<p>Uma reuni\u00e3o na tarde desta segunda-feira (04), envolvendo representantes dos 16 clubes participantes da temporada 2019\/2020 do Novo Basquete Brasil, definiu os rumos desta temporada. Por conta da pandemia do Coronav\u00edrus, por unanimidade, os representantes dos jogadores, diretores de clubes e Liga definiram pelo cancelamento desta temporada, sem declarar nenhum campe\u00e3o. A classifica\u00e7\u00e3o desta temporada [&hellip;]<\/p>\n","protected":false},"author":2,"featured_media":4953,"comment_status":"open","ping_status":"closed","sticky":false,"template":"","format":"standard","meta":{"footnotes":""},"categories":[12],"tags":[],"class_list":["post-13558","post","type-post","status-publish","format-standard","has-post-thumbnail","hentry","category-basquete"],"_links":{"self":[{"href":"https:\/\/www.esportesbrasilia.com.br\/noticias\/wp-json\/wp\/v2\/posts\/13558","targetHints":{"allow":["GET"]}}],"collection":[{"href":"https:\/\/www.esportesbrasilia.com.br\/noticias\/wp-json\/wp\/v2\/posts"}],"about":[{"href":"https:\/\/www.esportesbrasilia.com.br\/noticias\/wp-json\/wp\/v2\/types\/post"}],"author":[{"embeddable":true,"href":"https:\/\/www.esportesbrasilia.com.br\/noticias\/wp-json\/wp\/v2\/users\/2"}],"replies":[{"embeddable":true,"href":"https:\/\/www.esportesbrasilia.com.br\/noticias\/wp-json\/wp\/v2\/comments?post=13558"}],"version-history":[{"count":1,"href":"https:\/\/www.esportesbrasilia.com.br\/noticias\/wp-json\/wp\/v2\/posts\/13558\/revisions"}],"predecessor-version":[{"id":13559,"href":"https:\/\/www.esportesbrasilia.com.br\/noticias\/wp-json\/wp\/v2\/posts\/13558\/revisions\/13559"}],"wp:featuredmedia":[{"embeddable":true,"href":"https:\/\/www.esportesbrasilia.com.br\/noticias\/wp-json\/wp\/v2\/media\/4953"}],"wp:attachment":[{"href":"https:\/\/www.esportesbrasilia.com.br\/noticias\/wp-json\/wp\/v2\/media?parent=13558"}],"wp:term":[{"taxonomy":"category","embeddable":true,"href":"https:\/\/www.esportesbrasilia.com.br\/noticias\/wp-json\/wp\/v2\/categories?post=13558"},{"taxonomy":"post_tag","embeddable":true,"href":"https:\/\/www.esportesbrasilia.com.br\/noticias\/wp-json\/wp\/v2\/tags?post=13558"}],"curies":[{"name":"wp","href":"https:\/\/api.w.org\/{rel}","templated":true}]}}