{"id":13476,"date":"2020-03-16T20:14:30","date_gmt":"2020-03-16T23:14:30","guid":{"rendered":"http:\/\/www.esportesbrasilia.com.br\/noticias\/?p=13476"},"modified":"2020-03-16T21:40:54","modified_gmt":"2020-03-17T00:40:54","slug":"esportes-brasilia-suspende-transmissoes-por-tempo-indeterminado","status":"publish","type":"post","link":"https:\/\/www.esportesbrasilia.com.br\/noticias\/institucional\/esportes-brasilia-suspende-transmissoes-por-tempo-indeterminado.html","title":{"rendered":"Esportes Bras\u00edlia suspende transmiss\u00f5es por tempo indeterminado"},"content":{"rendered":"\n<p>Em nota oficial, a diretoria da Esportes Bras\u00edlia optou por seguir todas as normas de seguran\u00e7a e protocolos previstos pelo Minist\u00e9rio da Sa\u00fade em decorr\u00eancia do novo coronav\u00edrus.<\/p>\n\n\n\n<p>Em comum acordo, ficou definido que as transmiss\u00f5es in loco da EB serao suspensas por tempo indeterminado, visando a sa\u00fade e o bem estar de todos os seus colaboradores e a sociedade em geral.<\/p>\n\n\n\n<p>Por\u00e9m, cabe aqui ressaltar, que ainda traremos a cobertura completa do Candang\u00e3o e de suas equipes, uma vez que o campeonato, at\u00e9 segunda ordem, seguir\u00e1 sendo disputado com port\u00f5es fechados.<\/p>\n\n\n\n<p><strong>Confira, abaixo, a nota oficial:<\/strong><\/p>\n\n\n\n<p>Considerando os decretos do governo distrital restringindo eventos com aglomera\u00e7\u00e3o;<\/p>\n\n\n\n<p>Considerando as recomenda\u00e7\u00f5es da secretaria de sa\u00fade, da Organiza\u00e7\u00e3o mundial da sa\u00fade, do Minist\u00e9rio da Sa\u00fade;<\/p>\n\n\n\n<p>Considerando que o Distrito Federal j\u00e1 tem transmiss\u00e3o comunit\u00e1ria do Corona V\u00edrus e mais de 14 casos de Covid-19;<\/p>\n\n\n\n<p>Considerando que a responsabilidade pela sa\u00fade de todos os colaboradores da Esportes Bras\u00edlia em ambiente de trabalho, por for\u00e7a legal e responsabilidade social, \u00e9 da dire\u00e7\u00e3o desta; <\/p>\n\n\n\n<p>Considerando o cen\u00e1rio de amplia\u00e7\u00e3o de casos no Brasil, em Bras\u00edlia, e nos diversos \u00f3rg\u00e3os que est\u00e3o restringindo presen\u00e7a f\u00edsica;<\/p>\n\n\n\n<p>Est\u00e3o suspensas todas as transmiss\u00f5es esportivas e reportagens in loco dos membros da Esportes Bras\u00edlia por tempo indeterminado. Desta forma, as partidas de quarta-feira n\u00e3o ser\u00e3o transmitidas. A priori, o jogo de s\u00e1bado tamb\u00e9m n\u00e3o ter\u00e1 cobertura, mas na quinta-feira vamos reavaliar a situa\u00e7\u00e3o.<\/p>\n\n\n\n<p>Rener Lopes<br>\nBruno Henrique de Moura<br>\nGabriel Lima<\/p>\n","protected":false},"excerpt":{"rendered":"<p>Em nota oficial, a diretoria da Esportes Bras\u00edlia optou por seguir todas as normas de seguran\u00e7a e protocolos previstos pelo Minist\u00e9rio da Sa\u00fade em decorr\u00eancia do novo coronav\u00edrus. Em comum acordo, ficou definido que as transmiss\u00f5es in loco da EB serao suspensas por tempo indeterminado, visando a sa\u00fade e o bem estar de todos os [&hellip;]<\/p>\n","protected":false},"author":15,"featured_media":12947,"comment_status":"open","ping_status":"closed","sticky":false,"template":"","format":"standard","meta":{"footnotes":""},"categories":[27],"tags":[],"class_list":["post-13476","post","type-post","status-publish","format-standard","has-post-thumbnail","hentry","category-institucional"],"_links":{"self":[{"href":"https:\/\/www.esportesbrasilia.com.br\/noticias\/wp-json\/wp\/v2\/posts\/13476","targetHints":{"allow":["GET"]}}],"collection":[{"href":"https:\/\/www.esportesbrasilia.com.br\/noticias\/wp-json\/wp\/v2\/posts"}],"about":[{"href":"https:\/\/www.esportesbrasilia.com.br\/noticias\/wp-json\/wp\/v2\/types\/post"}],"author":[{"embeddable":true,"href":"https:\/\/www.esportesbrasilia.com.br\/noticias\/wp-json\/wp\/v2\/users\/15"}],"replies":[{"embeddable":true,"href":"https:\/\/www.esportesbrasilia.com.br\/noticias\/wp-json\/wp\/v2\/comments?post=13476"}],"version-history":[{"count":2,"href":"https:\/\/www.esportesbrasilia.com.br\/noticias\/wp-json\/wp\/v2\/posts\/13476\/revisions"}],"predecessor-version":[{"id":13478,"href":"https:\/\/www.esportesbrasilia.com.br\/noticias\/wp-json\/wp\/v2\/posts\/13476\/revisions\/13478"}],"wp:featuredmedia":[{"embeddable":true,"href":"https:\/\/www.esportesbrasilia.com.br\/noticias\/wp-json\/wp\/v2\/media\/12947"}],"wp:attachment":[{"href":"https:\/\/www.esportesbrasilia.com.br\/noticias\/wp-json\/wp\/v2\/media?parent=13476"}],"wp:term":[{"taxonomy":"category","embeddable":true,"href":"https:\/\/www.esportesbrasilia.com.br\/noticias\/wp-json\/wp\/v2\/categories?post=13476"},{"taxonomy":"post_tag","embeddable":true,"href":"https:\/\/www.esportesbrasilia.com.br\/noticias\/wp-json\/wp\/v2\/tags?post=13476"}],"curies":[{"name":"wp","href":"https:\/\/api.w.org\/{rel}","templated":true}]}}