{"id":13208,"date":"2020-02-17T16:33:50","date_gmt":"2020-02-17T19:33:50","guid":{"rendered":"http:\/\/www.esportesbrasilia.com.br\/noticias\/?p=13208"},"modified":"2020-02-17T16:44:10","modified_gmt":"2020-02-17T19:44:10","slug":"marcio-fernandes-assume-brasiliense-para-a-sequencia-do-candangao-2020","status":"publish","type":"post","link":"https:\/\/www.esportesbrasilia.com.br\/noticias\/futebol\/marcio-fernandes-assume-brasiliense-para-a-sequencia-do-candangao-2020.html","title":{"rendered":"M\u00e1rcio Fernandes assume Brasiliense para a sequ\u00eancia do Candang\u00e3o 2020"},"content":{"rendered":"\n<p>O Brasiliense se reapresentou na tarde desta segunda-feira (17), de olho na segunda metade da primeira fase do Candang\u00e3o 2020. E o time ter\u00e1 um novo comandante para a sequ\u00eancia do campeonato.<\/p>\n\n\n\n<p>Trata-se de M\u00e1rcio Fernandes, que volta ao jacar\u00e9 sete anos ap\u00f3s a \u00faltima passagem pelo clube, que aconteceu em 2013. M\u00e1rcio j\u00e1 se apresentou ao elenco e prepara o time para o jogo desta quarta-feira (19), \u00e0s 19h30, no est\u00e1dio Serra do Lago, em Luzi\u00e2nia.<\/p>\n\n\n\n<div class=\"wp-block-image\"><figure class=\"aligncenter size-large\"><img loading=\"lazy\" decoding=\"async\" width=\"1024\" height=\"576\" src=\"https:\/\/www.esportesbrasilia.com.br\/noticias\/wp-content\/uploads\/20200217_161923-1024x576.jpg\" alt=\"\" class=\"wp-image-13209\" srcset=\"https:\/\/www.esportesbrasilia.com.br\/noticias\/wp-content\/uploads\/20200217_161923-1024x576.jpg 1024w, https:\/\/www.esportesbrasilia.com.br\/noticias\/wp-content\/uploads\/20200217_161923-300x169.jpg 300w, https:\/\/www.esportesbrasilia.com.br\/noticias\/wp-content\/uploads\/20200217_161923-768x432.jpg 768w, https:\/\/www.esportesbrasilia.com.br\/noticias\/wp-content\/uploads\/20200217_161923-1536x864.jpg 1536w, https:\/\/www.esportesbrasilia.com.br\/noticias\/wp-content\/uploads\/20200217_161923-2048x1152.jpg 2048w, https:\/\/www.esportesbrasilia.com.br\/noticias\/wp-content\/uploads\/20200217_161923-696x392.jpg 696w, https:\/\/www.esportesbrasilia.com.br\/noticias\/wp-content\/uploads\/20200217_161923-1068x601.jpg 1068w, https:\/\/www.esportesbrasilia.com.br\/noticias\/wp-content\/uploads\/20200217_161923-747x420.jpg 747w\" sizes=\"auto, (max-width: 1024px) 100vw, 1024px\" \/><figcaption><em>M\u00e1rcio Fernandes volta ao Brasiliense ap\u00f3s conquistar o t\u00edtulo candango na inaugura\u00e7\u00e3o do Novo Man\u00e9 Garrincha, em 2013 &#8211; Foto: Rener Lopes\/Ag\u00eancia EB<\/em><\/figcaption><\/figure><\/div>\n\n\n\n<p>Marcio assume o lugar de Mauro Fernandes, que pediu demiss\u00e3o do cargo apos a derrota do Brasiliense por 2&#215;1 para o Gama, no classico do ultimo s\u00e1bado.<\/p>\n\n\n\n<p>&#8220;A gente espera conseguir o mesmo \u00eaxito de anos atr\u00e1s. Claro, esse \u00e9 um grupo diferente, e por jogar ja na quarta-feira, estamos correndo contra o tempo. Vamos procurar manter uma base para, quando tivermos um semana cheia, termos uma no\u00e7\u00e3o. Tamb\u00e9m analisar o time para poder mexer se necess\u00e1rio&#8221;, analisou Marcio.<\/p>\n\n\n\n<p>O contrato de M\u00e1rcio Fernandes \u00e9 v\u00e1lido at\u00e9 o final da temporada 2020, onde o Brasiliense tem a pr\u00e9-Copa Verde e a pr\u00e9-s\u00e9rie D. Ao lado dele, chegou o auxiliar M\u00e1rcio Fernandes Junior.<\/p>\n","protected":false},"excerpt":{"rendered":"<p>O Brasiliense se reapresentou na tarde desta segunda-feira (17), de olho na segunda metade da primeira fase do Candang\u00e3o 2020. E o time ter\u00e1 um novo comandante para a sequ\u00eancia do campeonato. Trata-se de M\u00e1rcio Fernandes, que volta ao jacar\u00e9 sete anos ap\u00f3s a \u00faltima passagem pelo clube, que aconteceu em 2013. M\u00e1rcio j\u00e1 se [&hellip;]<\/p>\n","protected":false},"author":2,"featured_media":13209,"comment_status":"open","ping_status":"closed","sticky":false,"template":"","format":"standard","meta":{"footnotes":""},"categories":[8],"tags":[],"class_list":["post-13208","post","type-post","status-publish","format-standard","has-post-thumbnail","hentry","category-futebol"],"_links":{"self":[{"href":"https:\/\/www.esportesbrasilia.com.br\/noticias\/wp-json\/wp\/v2\/posts\/13208","targetHints":{"allow":["GET"]}}],"collection":[{"href":"https:\/\/www.esportesbrasilia.com.br\/noticias\/wp-json\/wp\/v2\/posts"}],"about":[{"href":"https:\/\/www.esportesbrasilia.com.br\/noticias\/wp-json\/wp\/v2\/types\/post"}],"author":[{"embeddable":true,"href":"https:\/\/www.esportesbrasilia.com.br\/noticias\/wp-json\/wp\/v2\/users\/2"}],"replies":[{"embeddable":true,"href":"https:\/\/www.esportesbrasilia.com.br\/noticias\/wp-json\/wp\/v2\/comments?post=13208"}],"version-history":[{"count":5,"href":"https:\/\/www.esportesbrasilia.com.br\/noticias\/wp-json\/wp\/v2\/posts\/13208\/revisions"}],"predecessor-version":[{"id":13214,"href":"https:\/\/www.esportesbrasilia.com.br\/noticias\/wp-json\/wp\/v2\/posts\/13208\/revisions\/13214"}],"wp:featuredmedia":[{"embeddable":true,"href":"https:\/\/www.esportesbrasilia.com.br\/noticias\/wp-json\/wp\/v2\/media\/13209"}],"wp:attachment":[{"href":"https:\/\/www.esportesbrasilia.com.br\/noticias\/wp-json\/wp\/v2\/media?parent=13208"}],"wp:term":[{"taxonomy":"category","embeddable":true,"href":"https:\/\/www.esportesbrasilia.com.br\/noticias\/wp-json\/wp\/v2\/categories?post=13208"},{"taxonomy":"post_tag","embeddable":true,"href":"https:\/\/www.esportesbrasilia.com.br\/noticias\/wp-json\/wp\/v2\/tags?post=13208"}],"curies":[{"name":"wp","href":"https:\/\/api.w.org\/{rel}","templated":true}]}}