{"id":13158,"date":"2020-02-14T17:00:40","date_gmt":"2020-02-14T20:00:40","guid":{"rendered":"http:\/\/www.esportesbrasilia.com.br\/noticias\/?p=13158"},"modified":"2020-02-14T17:00:43","modified_gmt":"2020-02-14T20:00:43","slug":"ministerio-publico-visita-estadio-serejao-e-classico-do-df-sera-disputado-com-portoes-fechados","status":"publish","type":"post","link":"https:\/\/www.esportesbrasilia.com.br\/noticias\/futebol\/ministerio-publico-visita-estadio-serejao-e-classico-do-df-sera-disputado-com-portoes-fechados.html","title":{"rendered":"Minist\u00e9rio P\u00fablico visita est\u00e1dio Serej\u00e3o e cl\u00e1ssico do DF ser\u00e1 disputado com port\u00f5es fechados"},"content":{"rendered":"\n<p>Representantes do Minist\u00e9rio P\u00fablico do Distrito Federal e Territ\u00f3rios visitaram o est\u00e1dio Serej\u00e3o na tarde desta sexta-feira (14), palco do cl\u00e1ssico deste s\u00e1bado, entre Brasiliense e Gama.<\/p>\n\n\n\n<p>Os procuradores visitaram o local e recomendaram que a partida seja feita com port\u00f5es fechados para todos os torcedores.<\/p>\n\n\n\n<p>A reportagem da <strong>Esportes Bras\u00edlia<\/strong> entrou em contato com o MPDFT, e recebeu a informa\u00e7\u00e3o de que a recomenda\u00e7\u00e3o procede.<\/p>\n\n\n\n<p>Uma nota oficial dever\u00e1 ser divulgada pelo \u00f3rg\u00e3o nas pr\u00f3ximas horas, informando a proibi\u00e7\u00e3o da presen\u00e7a do p\u00fablico no est\u00e1dio.<\/p>\n\n\n\n<p>O jogo ter\u00e1 transmiss\u00e3o da <strong>EB<\/strong>, a partir das 15h15, pelo nosso site e canal do YouTube.<\/p>\n","protected":false},"excerpt":{"rendered":"<p>Representantes do Minist\u00e9rio P\u00fablico do Distrito Federal e Territ\u00f3rios visitaram o est\u00e1dio Serej\u00e3o na tarde desta sexta-feira (14), palco do cl\u00e1ssico deste s\u00e1bado, entre Brasiliense e Gama. Os procuradores visitaram o local e recomendaram que a partida seja feita com port\u00f5es fechados para todos os torcedores. A reportagem da Esportes Bras\u00edlia entrou em contato com [&hellip;]<\/p>\n","protected":false},"author":2,"featured_media":5554,"comment_status":"open","ping_status":"closed","sticky":false,"template":"","format":"standard","meta":{"footnotes":""},"categories":[8],"tags":[],"class_list":["post-13158","post","type-post","status-publish","format-standard","has-post-thumbnail","hentry","category-futebol"],"_links":{"self":[{"href":"https:\/\/www.esportesbrasilia.com.br\/noticias\/wp-json\/wp\/v2\/posts\/13158","targetHints":{"allow":["GET"]}}],"collection":[{"href":"https:\/\/www.esportesbrasilia.com.br\/noticias\/wp-json\/wp\/v2\/posts"}],"about":[{"href":"https:\/\/www.esportesbrasilia.com.br\/noticias\/wp-json\/wp\/v2\/types\/post"}],"author":[{"embeddable":true,"href":"https:\/\/www.esportesbrasilia.com.br\/noticias\/wp-json\/wp\/v2\/users\/2"}],"replies":[{"embeddable":true,"href":"https:\/\/www.esportesbrasilia.com.br\/noticias\/wp-json\/wp\/v2\/comments?post=13158"}],"version-history":[{"count":1,"href":"https:\/\/www.esportesbrasilia.com.br\/noticias\/wp-json\/wp\/v2\/posts\/13158\/revisions"}],"predecessor-version":[{"id":13159,"href":"https:\/\/www.esportesbrasilia.com.br\/noticias\/wp-json\/wp\/v2\/posts\/13158\/revisions\/13159"}],"wp:featuredmedia":[{"embeddable":true,"href":"https:\/\/www.esportesbrasilia.com.br\/noticias\/wp-json\/wp\/v2\/media\/5554"}],"wp:attachment":[{"href":"https:\/\/www.esportesbrasilia.com.br\/noticias\/wp-json\/wp\/v2\/media?parent=13158"}],"wp:term":[{"taxonomy":"category","embeddable":true,"href":"https:\/\/www.esportesbrasilia.com.br\/noticias\/wp-json\/wp\/v2\/categories?post=13158"},{"taxonomy":"post_tag","embeddable":true,"href":"https:\/\/www.esportesbrasilia.com.br\/noticias\/wp-json\/wp\/v2\/tags?post=13158"}],"curies":[{"name":"wp","href":"https:\/\/api.w.org\/{rel}","templated":true}]}}