{"id":13152,"date":"2020-02-14T11:13:28","date_gmt":"2020-02-14T14:13:28","guid":{"rendered":"http:\/\/www.esportesbrasilia.com.br\/noticias\/?p=13152"},"modified":"2020-02-14T11:13:31","modified_gmt":"2020-02-14T14:13:31","slug":"apos-monitoramento-classico-candango-e-confirmado-com-torcida-unica-no-serejao","status":"publish","type":"post","link":"https:\/\/www.esportesbrasilia.com.br\/noticias\/futebol\/apos-monitoramento-classico-candango-e-confirmado-com-torcida-unica-no-serejao.html","title":{"rendered":"Ap\u00f3s monitoramento, cl\u00e1ssico candango \u00e9 confirmado com torcida \u00fanica no Serej\u00e3o"},"content":{"rendered":"\n<p>As frequentes brigas entre torcidas organizadas afastaram os torcedores dos est\u00e1dios do Distrito Federal. A torcida organizada que acompanha o Brasiliense est\u00e1 suspensa de entrar nos est\u00e1dios da capital federal pelo Minist\u00e9rio P\u00fablico.<\/p>\n\n\n\n<p>Neste s\u00e1bado (15), \u00e0s 15h30, com transmiss\u00e3o da <strong>Esportes Bras\u00edlia<\/strong>, o jacar\u00e9 recebe o Gama pela quinta rodada do Candang\u00e3o 2020. Para que se mantenha o m\u00e1ximo de seguran\u00e7a para o torcedor que for ao Serej\u00e3o, diversas reuni\u00f5es foram realizadas ao longo da semana envolvendo os respons\u00e1veis pela seguran\u00e7a p\u00fablica e a Federa\u00e7\u00e3o de Futebol do Distrito Federal.<\/p>\n\n\n\n<p>Ao mesmo tempo, a Pol\u00edcia Militar do Distrito Federal e a Secretaria de Seguran\u00e7a P\u00fablica estavam monitorando as duas torcidas organizadas, de Brasiliense e Gama, de olho para saber se haveria um poss\u00edvel confronto nos arredores do est\u00e1dio.<\/p>\n\n\n\n<div class=\"wp-block-image\"><figure class=\"aligncenter size-large\"><img loading=\"lazy\" decoding=\"async\" width=\"1024\" height=\"576\" src=\"https:\/\/www.esportesbrasilia.com.br\/noticias\/wp-content\/uploads\/confusaobsegoias_rep-1024x576.jpg\" alt=\"\" class=\"wp-image-13153\" srcset=\"https:\/\/www.esportesbrasilia.com.br\/noticias\/wp-content\/uploads\/confusaobsegoias_rep-1024x576.jpg 1024w, https:\/\/www.esportesbrasilia.com.br\/noticias\/wp-content\/uploads\/confusaobsegoias_rep-300x169.jpg 300w, https:\/\/www.esportesbrasilia.com.br\/noticias\/wp-content\/uploads\/confusaobsegoias_rep-768x432.jpg 768w, https:\/\/www.esportesbrasilia.com.br\/noticias\/wp-content\/uploads\/confusaobsegoias_rep-696x392.jpg 696w, https:\/\/www.esportesbrasilia.com.br\/noticias\/wp-content\/uploads\/confusaobsegoias_rep-1068x601.jpg 1068w, https:\/\/www.esportesbrasilia.com.br\/noticias\/wp-content\/uploads\/confusaobsegoias_rep-747x420.jpg 747w, https:\/\/www.esportesbrasilia.com.br\/noticias\/wp-content\/uploads\/confusaobsegoias_rep.jpg 1280w\" sizes=\"auto, (max-width: 1024px) 100vw, 1024px\" \/><figcaption><em>Em 2019, uma confus\u00e3o envolvendo torcidas de Brasiliense e Goi\u00e1s, na partida da Copa Verde, fez a via EPTG ser fechada por mais de 20 minutos pela Pol\u00edcia Militar &#8211; Foto: Reprodu\u00e7\u00e3o\/TV Globo<\/em><\/figcaption><\/figure><\/div>\n\n\n\n<p>No entanto, na manh\u00e3 desta sexta-feira (14), em contato com o Coronel Schweitzer, da Pol\u00edcia Militar, que comanda o CPRO Taguatinga, a FFDF foi informada que o jogo deste s\u00e1bado poder\u00e1 ter a presen\u00e7a &#8211; apenas &#8211; de torcedores do Brasiliense.<\/p>\n\n\n\n<p>Segundo M\u00e1rcio Coutinho, diretor de futebol da FFDF, todos os esfor\u00e7os foram feitos para que torcedores de Gama e Brasiliense pudessem acompanhar o jogo in loco, no Serej\u00e3o.<\/p>\n\n\n\n<p>&#8220;Passamos, eu e o Daniel [Vasconcelos, presidente da FFDF], o dia inteiro conversando com o servi\u00e7o de seguran\u00e7a da cidade, tratando sobre esse jogo e, ap\u00f3s o monitoramento da PMDF, viu-se que as torcidas organizadas n\u00e3o andariam para o caminho da paz. Ent\u00e3o, chegou-se \u00e0 essa conclus\u00e3o de realizar o jogo com torcida \u00fanica&#8221;, esclareceu o dirigente.<\/p>\n\n\n\n<p>&#8220;Quem perde com isso somos n\u00f3s que gostamos de futebol. Os torcedores que se dizem organizados ainda n\u00e3o entenderam as coisas do bem e s\u00f3 querem brigar. Infelizmente, chegou-se a esse ponto&#8221;, opinou M\u00e1rcio.<\/p>\n\n\n\n<p>M\u00e1rcio ainda confirmou \u00e0 reportagem da <strong>EB <\/strong>que chegou-se a cogitar que o jogo acontecesse com os port\u00f5es fechados ao torcedor. Contudo, ap\u00f3s uma intensa negocia\u00e7\u00e3o, foi liberada apenas a presen\u00e7a de torcedores do jacar\u00e9.<\/p>\n","protected":false},"excerpt":{"rendered":"<p>As frequentes brigas entre torcidas organizadas afastaram os torcedores dos est\u00e1dios do Distrito Federal. A torcida organizada que acompanha o Brasiliense est\u00e1 suspensa de entrar nos est\u00e1dios da capital federal pelo Minist\u00e9rio P\u00fablico. Neste s\u00e1bado (15), \u00e0s 15h30, com transmiss\u00e3o da Esportes Bras\u00edlia, o jacar\u00e9 recebe o Gama pela quinta rodada do Candang\u00e3o 2020. Para [&hellip;]<\/p>\n","protected":false},"author":2,"featured_media":12201,"comment_status":"open","ping_status":"closed","sticky":false,"template":"","format":"standard","meta":{"footnotes":""},"categories":[8],"tags":[],"class_list":["post-13152","post","type-post","status-publish","format-standard","has-post-thumbnail","hentry","category-futebol"],"_links":{"self":[{"href":"https:\/\/www.esportesbrasilia.com.br\/noticias\/wp-json\/wp\/v2\/posts\/13152","targetHints":{"allow":["GET"]}}],"collection":[{"href":"https:\/\/www.esportesbrasilia.com.br\/noticias\/wp-json\/wp\/v2\/posts"}],"about":[{"href":"https:\/\/www.esportesbrasilia.com.br\/noticias\/wp-json\/wp\/v2\/types\/post"}],"author":[{"embeddable":true,"href":"https:\/\/www.esportesbrasilia.com.br\/noticias\/wp-json\/wp\/v2\/users\/2"}],"replies":[{"embeddable":true,"href":"https:\/\/www.esportesbrasilia.com.br\/noticias\/wp-json\/wp\/v2\/comments?post=13152"}],"version-history":[{"count":1,"href":"https:\/\/www.esportesbrasilia.com.br\/noticias\/wp-json\/wp\/v2\/posts\/13152\/revisions"}],"predecessor-version":[{"id":13154,"href":"https:\/\/www.esportesbrasilia.com.br\/noticias\/wp-json\/wp\/v2\/posts\/13152\/revisions\/13154"}],"wp:featuredmedia":[{"embeddable":true,"href":"https:\/\/www.esportesbrasilia.com.br\/noticias\/wp-json\/wp\/v2\/media\/12201"}],"wp:attachment":[{"href":"https:\/\/www.esportesbrasilia.com.br\/noticias\/wp-json\/wp\/v2\/media?parent=13152"}],"wp:term":[{"taxonomy":"category","embeddable":true,"href":"https:\/\/www.esportesbrasilia.com.br\/noticias\/wp-json\/wp\/v2\/categories?post=13152"},{"taxonomy":"post_tag","embeddable":true,"href":"https:\/\/www.esportesbrasilia.com.br\/noticias\/wp-json\/wp\/v2\/tags?post=13152"}],"curies":[{"name":"wp","href":"https:\/\/api.w.org\/{rel}","templated":true}]}}