{"id":13150,"date":"2020-02-14T09:57:24","date_gmt":"2020-02-14T12:57:24","guid":{"rendered":"http:\/\/www.esportesbrasilia.com.br\/noticias\/?p=13150"},"modified":"2020-02-14T09:57:27","modified_gmt":"2020-02-14T12:57:27","slug":"cbf-define-arbitragem-para-a-supercopa-do-brasil","status":"publish","type":"post","link":"https:\/\/www.esportesbrasilia.com.br\/noticias\/futebol\/cbf-define-arbitragem-para-a-supercopa-do-brasil.html","title":{"rendered":"CBF define arbitragem para a Supercopa do Brasil"},"content":{"rendered":"\n<p>A equipe de arbitragem para a SuperCopa do Brasil, que acontece neste domingo (16), \u00e0s 11h, com transmiss\u00e3o da <strong>Esportes Bras\u00edlia<\/strong>, j\u00e1 foi definida pela Confedera\u00e7\u00e3o Brasileira de Futebol.<\/p>\n\n\n\n<p>O trio de arbitragem ser\u00e1 do estado de Goi\u00e1s. Quem apita a partida \u00e9 o \u00e1rbitro Wilton Pereira Sampaio. Os auxiliares ser\u00e3o Fabr\u00edcio Vilarinho da Silva e Bruno Raphael Pires. O quarto \u00e1rbitro ser\u00e1 o candango S\u00e1vio Pereira Sampaio.<\/p>\n\n\n\n<div class=\"wp-block-image\"><figure class=\"aligncenter size-large\"><img loading=\"lazy\" decoding=\"async\" width=\"1024\" height=\"683\" src=\"https:\/\/www.esportesbrasilia.com.br\/noticias\/wp-content\/uploads\/Wilton-Pereira-Sampaio_div-1024x683.jpg\" alt=\"\" class=\"wp-image-10049\" srcset=\"https:\/\/www.esportesbrasilia.com.br\/noticias\/wp-content\/uploads\/Wilton-Pereira-Sampaio_div-1024x683.jpg 1024w, https:\/\/www.esportesbrasilia.com.br\/noticias\/wp-content\/uploads\/Wilton-Pereira-Sampaio_div-300x200.jpg 300w, https:\/\/www.esportesbrasilia.com.br\/noticias\/wp-content\/uploads\/Wilton-Pereira-Sampaio_div-768x512.jpg 768w, https:\/\/www.esportesbrasilia.com.br\/noticias\/wp-content\/uploads\/Wilton-Pereira-Sampaio_div-696x464.jpg 696w, https:\/\/www.esportesbrasilia.com.br\/noticias\/wp-content\/uploads\/Wilton-Pereira-Sampaio_div-1068x712.jpg 1068w, https:\/\/www.esportesbrasilia.com.br\/noticias\/wp-content\/uploads\/Wilton-Pereira-Sampaio_div-630x420.jpg 630w\" sizes=\"auto, (max-width: 1024px) 100vw, 1024px\" \/><figcaption><em>Wilton Pereira Sampaio ser\u00e1 o respons\u00e1vel por comandar a SuperCopa do Brasil &#8211; Foto: Divulga\u00e7\u00e3o<\/em><\/figcaption><\/figure><\/div>\n\n\n\n<p> Vale lembrar que Bruno est\u00e1 substituindo a Emerson Pereira de Carvalho, de S\u00e3o Paulo. A substitui\u00e7\u00e3o, por ordem da CBF, foi realizada nesta quinta-feira. <\/p>\n\n\n\n<p>J\u00e1 no \u00e1rbitro de v\u00eddeo, o respons\u00e1vel ser\u00e1 Rodrigo Guarizo do Amaral, de s\u00e3o Paulo, com o paulista Marcio Henrique de G\u00f3is e o goiano Leone  Carvalho Rocha.<\/p>\n","protected":false},"excerpt":{"rendered":"<p>A equipe de arbitragem para a SuperCopa do Brasil, que acontece neste domingo (16), \u00e0s 11h, com transmiss\u00e3o da Esportes Bras\u00edlia, j\u00e1 foi definida pela Confedera\u00e7\u00e3o Brasileira de Futebol. O trio de arbitragem ser\u00e1 do estado de Goi\u00e1s. Quem apita a partida \u00e9 o \u00e1rbitro Wilton Pereira Sampaio. Os auxiliares ser\u00e3o Fabr\u00edcio Vilarinho da Silva [&hellip;]<\/p>\n","protected":false},"author":2,"featured_media":10049,"comment_status":"open","ping_status":"closed","sticky":false,"template":"","format":"standard","meta":{"footnotes":""},"categories":[8],"tags":[],"class_list":["post-13150","post","type-post","status-publish","format-standard","has-post-thumbnail","hentry","category-futebol"],"_links":{"self":[{"href":"https:\/\/www.esportesbrasilia.com.br\/noticias\/wp-json\/wp\/v2\/posts\/13150","targetHints":{"allow":["GET"]}}],"collection":[{"href":"https:\/\/www.esportesbrasilia.com.br\/noticias\/wp-json\/wp\/v2\/posts"}],"about":[{"href":"https:\/\/www.esportesbrasilia.com.br\/noticias\/wp-json\/wp\/v2\/types\/post"}],"author":[{"embeddable":true,"href":"https:\/\/www.esportesbrasilia.com.br\/noticias\/wp-json\/wp\/v2\/users\/2"}],"replies":[{"embeddable":true,"href":"https:\/\/www.esportesbrasilia.com.br\/noticias\/wp-json\/wp\/v2\/comments?post=13150"}],"version-history":[{"count":1,"href":"https:\/\/www.esportesbrasilia.com.br\/noticias\/wp-json\/wp\/v2\/posts\/13150\/revisions"}],"predecessor-version":[{"id":13151,"href":"https:\/\/www.esportesbrasilia.com.br\/noticias\/wp-json\/wp\/v2\/posts\/13150\/revisions\/13151"}],"wp:featuredmedia":[{"embeddable":true,"href":"https:\/\/www.esportesbrasilia.com.br\/noticias\/wp-json\/wp\/v2\/media\/10049"}],"wp:attachment":[{"href":"https:\/\/www.esportesbrasilia.com.br\/noticias\/wp-json\/wp\/v2\/media?parent=13150"}],"wp:term":[{"taxonomy":"category","embeddable":true,"href":"https:\/\/www.esportesbrasilia.com.br\/noticias\/wp-json\/wp\/v2\/categories?post=13150"},{"taxonomy":"post_tag","embeddable":true,"href":"https:\/\/www.esportesbrasilia.com.br\/noticias\/wp-json\/wp\/v2\/tags?post=13150"}],"curies":[{"name":"wp","href":"https:\/\/api.w.org\/{rel}","templated":true}]}}