{"id":13120,"date":"2020-02-12T13:18:23","date_gmt":"2020-02-12T16:18:23","guid":{"rendered":"http:\/\/www.esportesbrasilia.com.br\/noticias\/?p=13120"},"modified":"2020-02-12T13:19:09","modified_gmt":"2020-02-12T16:19:09","slug":"estreia-do-gama-na-copa-do-brasil-pode-nao-ter-a-presenca-do-torcedor","status":"publish","type":"post","link":"https:\/\/www.esportesbrasilia.com.br\/noticias\/futebol\/estreia-do-gama-na-copa-do-brasil-pode-nao-ter-a-presenca-do-torcedor.html","title":{"rendered":"Estreia do Gama na Copa do Brasil pode n\u00e3o ter a presen\u00e7a do torcedor"},"content":{"rendered":"\n<p><em>Colaborou S\u00e9rgio Porto<\/em><\/p>\n\n\n\n<p>Uma reviravolta est\u00e1 agitando os bastidores da Sociedade Esportiva do Gama. Horas antes da bola rolar entre o alviverde e o Brasil\/RS, na largada da Copa do Brasil, o est\u00e1dio Bezerr\u00e3o pode n\u00e3o receber o p\u00fablico para este jogo.<\/p>\n\n\n\n<p>O est\u00e1dio est\u00e1 sem laudos vigentes para a partida desta quarta. Vale lembrar que, apesar da Copa do Mundo da FIFA Sub-17 ter sido realizado na casa gamense, os laudos que autorizam a realiza\u00e7\u00e3o das partidas s\u00e3o feitos jogo a jogo.<\/p>\n\n\n\n<p>Assim, a diretoria do Gama corre contra o tempo para obter os laudos visando o jogo diante dos ga\u00fachos. Em entrevista \u00e0 R\u00e1dio DF 10, parceira da <strong>Esportes Bras\u00edlia<\/strong>, o presidente do alviverde, Weber Magalh\u00e3es informou que os ingressos para o jogo ser\u00e3o vendidos a partir das 14h.<\/p>\n\n\n\n<p>&#8220;Os ingressos come\u00e7am a ser vendidos hoje a tarde, pois o secret\u00e1rio de Seguran\u00e7a do Distrito Federal garantiu que liberar\u00e1 os laudos&#8221;, afirmou Weber.<\/p>\n\n\n\n<div class=\"wp-block-image\"><figure class=\"aligncenter size-large\"><img loading=\"lazy\" decoding=\"async\" width=\"1024\" height=\"547\" src=\"https:\/\/www.esportesbrasilia.com.br\/noticias\/wp-content\/uploads\/publicobezerrao_rl-e1572128596747-1024x547.jpg\" alt=\"\" class=\"wp-image-12101\" srcset=\"https:\/\/www.esportesbrasilia.com.br\/noticias\/wp-content\/uploads\/publicobezerrao_rl-e1572128596747-1024x547.jpg 1024w, https:\/\/www.esportesbrasilia.com.br\/noticias\/wp-content\/uploads\/publicobezerrao_rl-e1572128596747-300x160.jpg 300w, https:\/\/www.esportesbrasilia.com.br\/noticias\/wp-content\/uploads\/publicobezerrao_rl-e1572128596747-768x410.jpg 768w, https:\/\/www.esportesbrasilia.com.br\/noticias\/wp-content\/uploads\/publicobezerrao_rl-e1572128596747-696x372.jpg 696w, https:\/\/www.esportesbrasilia.com.br\/noticias\/wp-content\/uploads\/publicobezerrao_rl-e1572128596747-1068x570.jpg 1068w, https:\/\/www.esportesbrasilia.com.br\/noticias\/wp-content\/uploads\/publicobezerrao_rl-e1572128596747-786x420.jpg 786w\" sizes=\"auto, (max-width: 1024px) 100vw, 1024px\" \/><figcaption><em>Bezerr\u00e3o foi palco da Copa do Mundo da FIFA Sub-17 em outubro passado. Laudos para as partidas s\u00e3o eventuais, ou seja, com prazo de validade definido &#8211; Foto: Rener Lopes\/Ag\u00eancia EB<\/em><\/figcaption><\/figure><\/div>\n\n\n\n<p>A reportagem da <strong>EB<\/strong> procurou as secretarias de Esporte, que administra o est\u00e1dio, e de Seguran\u00e7a P\u00fablica, mas at\u00e9 o fechamento desta mat\u00e9ria, n\u00e3o recebeu resposta. Quando as respostas chegarem, a mat\u00e9ria ser\u00e1 atualizada.<\/p>\n\n\n\n<p>Com ou sem torcida, voc\u00ea acompanha o jogo entre Gama e Brasil\/RS a partir das 20h, aqui no nosso site ou no <strong><a href=\"http:\/\/youtube.com\/esportesbrasilia\/\" target=\"_blank\" rel=\"noreferrer noopener\" aria-label=\"canal do YouTube (abre numa nova aba)\">canal do YouTube<\/a><\/strong>.<\/p>\n","protected":false},"excerpt":{"rendered":"<p>Colaborou S\u00e9rgio Porto Uma reviravolta est\u00e1 agitando os bastidores da Sociedade Esportiva do Gama. Horas antes da bola rolar entre o alviverde e o Brasil\/RS, na largada da Copa do Brasil, o est\u00e1dio Bezerr\u00e3o pode n\u00e3o receber o p\u00fablico para este jogo. O est\u00e1dio est\u00e1 sem laudos vigentes para a partida desta quarta. Vale lembrar [&hellip;]<\/p>\n","protected":false},"author":2,"featured_media":12101,"comment_status":"open","ping_status":"closed","sticky":false,"template":"","format":"standard","meta":{"footnotes":""},"categories":[8],"tags":[],"class_list":["post-13120","post","type-post","status-publish","format-standard","has-post-thumbnail","hentry","category-futebol"],"_links":{"self":[{"href":"https:\/\/www.esportesbrasilia.com.br\/noticias\/wp-json\/wp\/v2\/posts\/13120","targetHints":{"allow":["GET"]}}],"collection":[{"href":"https:\/\/www.esportesbrasilia.com.br\/noticias\/wp-json\/wp\/v2\/posts"}],"about":[{"href":"https:\/\/www.esportesbrasilia.com.br\/noticias\/wp-json\/wp\/v2\/types\/post"}],"author":[{"embeddable":true,"href":"https:\/\/www.esportesbrasilia.com.br\/noticias\/wp-json\/wp\/v2\/users\/2"}],"replies":[{"embeddable":true,"href":"https:\/\/www.esportesbrasilia.com.br\/noticias\/wp-json\/wp\/v2\/comments?post=13120"}],"version-history":[{"count":2,"href":"https:\/\/www.esportesbrasilia.com.br\/noticias\/wp-json\/wp\/v2\/posts\/13120\/revisions"}],"predecessor-version":[{"id":13122,"href":"https:\/\/www.esportesbrasilia.com.br\/noticias\/wp-json\/wp\/v2\/posts\/13120\/revisions\/13122"}],"wp:featuredmedia":[{"embeddable":true,"href":"https:\/\/www.esportesbrasilia.com.br\/noticias\/wp-json\/wp\/v2\/media\/12101"}],"wp:attachment":[{"href":"https:\/\/www.esportesbrasilia.com.br\/noticias\/wp-json\/wp\/v2\/media?parent=13120"}],"wp:term":[{"taxonomy":"category","embeddable":true,"href":"https:\/\/www.esportesbrasilia.com.br\/noticias\/wp-json\/wp\/v2\/categories?post=13120"},{"taxonomy":"post_tag","embeddable":true,"href":"https:\/\/www.esportesbrasilia.com.br\/noticias\/wp-json\/wp\/v2\/tags?post=13120"}],"curies":[{"name":"wp","href":"https:\/\/api.w.org\/{rel}","templated":true}]}}