{"id":13024,"date":"2020-02-06T10:49:04","date_gmt":"2020-02-06T13:49:04","guid":{"rendered":"http:\/\/www.esportesbrasilia.com.br\/noticias\/?p=13024"},"modified":"2020-02-06T10:49:07","modified_gmt":"2020-02-06T13:49:07","slug":"idolo-do-luziania-na-conquista-do-bicampeonato-esta-de-volta-ao-azulino-goiano","status":"publish","type":"post","link":"https:\/\/www.esportesbrasilia.com.br\/noticias\/futebol\/idolo-do-luziania-na-conquista-do-bicampeonato-esta-de-volta-ao-azulino-goiano.html","title":{"rendered":"\u00cddolo do Luzi\u00e2nia na conquista do bicampeonato est\u00e1 de volta ao azulino goiano"},"content":{"rendered":"\n<p>O torcedor do Luzi\u00e2nia tem motivos de sobra para comemorar o in\u00edcio deste Candang\u00e3o. Apesar da derrota para o Taguatinga, o azulino goiano permanece nas quatro primeiras posi\u00e7\u00f5es do campeonato.<\/p>\n\n\n\n<p>E para refor\u00e7ar ainda mais a equipe, um velho conhecido da torcida est\u00e1 de volta. O atacante Tatu\u00ed, de 28 anos, assinou contrato com o Luzi\u00e2nia para a disputa do Candang\u00e3o 2020.<\/p>\n\n\n\n<figure class=\"wp-block-image size-large\"><img loading=\"lazy\" decoding=\"async\" width=\"960\" height=\"641\" src=\"https:\/\/www.esportesbrasilia.com.br\/noticias\/wp-content\/uploads\/ceilandiaxluziania_ct_2.jpg\" alt=\"\" class=\"wp-image-1836\" srcset=\"https:\/\/www.esportesbrasilia.com.br\/noticias\/wp-content\/uploads\/ceilandiaxluziania_ct_2.jpg 960w, https:\/\/www.esportesbrasilia.com.br\/noticias\/wp-content\/uploads\/ceilandiaxluziania_ct_2-300x200.jpg 300w, https:\/\/www.esportesbrasilia.com.br\/noticias\/wp-content\/uploads\/ceilandiaxluziania_ct_2-768x513.jpg 768w, https:\/\/www.esportesbrasilia.com.br\/noticias\/wp-content\/uploads\/ceilandiaxluziania_ct_2-696x465.jpg 696w, https:\/\/www.esportesbrasilia.com.br\/noticias\/wp-content\/uploads\/ceilandiaxluziania_ct_2-629x420.jpg 629w\" sizes=\"auto, (max-width: 960px) 100vw, 960px\" \/><figcaption><em>Tatu\u00ed est\u00e1 de volta ao Luzi\u00e2nia para a disputa do Candang\u00e3o 2020. Time est\u00e1 na quarta posi\u00e7\u00e3o, com seis pontos &#8211; Foto: Carlos Teixeira\/Ag\u00eancia EB<\/em><\/figcaption><\/figure>\n\n\n\n<p>Ao lado dele, quem tamb\u00e9m desembarca pelos lados do Serra do Lago \u00e9 o centro-avante Ramon, de 23 anos, que estava no Angra dos Reis\/RJ.<\/p>\n\n\n\n<p>O Luzi\u00e2nia volta a campo neste fim de semana. No domingo (09), enfrenta o Formosa no duelo dos goianos do Candang\u00e3o. A partida acontece \u00e0s 15h30, no est\u00e1dio Serra do Lago, em Luzi\u00e2nia\/GO.<\/p>\n","protected":false},"excerpt":{"rendered":"<p>O torcedor do Luzi\u00e2nia tem motivos de sobra para comemorar o in\u00edcio deste Candang\u00e3o. Apesar da derrota para o Taguatinga, o azulino goiano permanece nas quatro primeiras posi\u00e7\u00f5es do campeonato. E para refor\u00e7ar ainda mais a equipe, um velho conhecido da torcida est\u00e1 de volta. O atacante Tatu\u00ed, de 28 anos, assinou contrato com o [&hellip;]<\/p>\n","protected":false},"author":2,"featured_media":1836,"comment_status":"open","ping_status":"closed","sticky":false,"template":"","format":"standard","meta":{"footnotes":""},"categories":[8],"tags":[],"class_list":["post-13024","post","type-post","status-publish","format-standard","has-post-thumbnail","hentry","category-futebol"],"_links":{"self":[{"href":"https:\/\/www.esportesbrasilia.com.br\/noticias\/wp-json\/wp\/v2\/posts\/13024","targetHints":{"allow":["GET"]}}],"collection":[{"href":"https:\/\/www.esportesbrasilia.com.br\/noticias\/wp-json\/wp\/v2\/posts"}],"about":[{"href":"https:\/\/www.esportesbrasilia.com.br\/noticias\/wp-json\/wp\/v2\/types\/post"}],"author":[{"embeddable":true,"href":"https:\/\/www.esportesbrasilia.com.br\/noticias\/wp-json\/wp\/v2\/users\/2"}],"replies":[{"embeddable":true,"href":"https:\/\/www.esportesbrasilia.com.br\/noticias\/wp-json\/wp\/v2\/comments?post=13024"}],"version-history":[{"count":1,"href":"https:\/\/www.esportesbrasilia.com.br\/noticias\/wp-json\/wp\/v2\/posts\/13024\/revisions"}],"predecessor-version":[{"id":13025,"href":"https:\/\/www.esportesbrasilia.com.br\/noticias\/wp-json\/wp\/v2\/posts\/13024\/revisions\/13025"}],"wp:featuredmedia":[{"embeddable":true,"href":"https:\/\/www.esportesbrasilia.com.br\/noticias\/wp-json\/wp\/v2\/media\/1836"}],"wp:attachment":[{"href":"https:\/\/www.esportesbrasilia.com.br\/noticias\/wp-json\/wp\/v2\/media?parent=13024"}],"wp:term":[{"taxonomy":"category","embeddable":true,"href":"https:\/\/www.esportesbrasilia.com.br\/noticias\/wp-json\/wp\/v2\/categories?post=13024"},{"taxonomy":"post_tag","embeddable":true,"href":"https:\/\/www.esportesbrasilia.com.br\/noticias\/wp-json\/wp\/v2\/tags?post=13024"}],"curies":[{"name":"wp","href":"https:\/\/api.w.org\/{rel}","templated":true}]}}