{"id":13019,"date":"2020-02-06T10:38:07","date_gmt":"2020-02-06T13:38:07","guid":{"rendered":"http:\/\/www.esportesbrasilia.com.br\/noticias\/?p=13019"},"modified":"2020-02-06T10:39:18","modified_gmt":"2020-02-06T13:39:18","slug":"ceilandia-retoma-gestao-do-futebol-e-traz-idolo-paraguaio-como-tecnico","status":"publish","type":"post","link":"https:\/\/www.esportesbrasilia.com.br\/noticias\/futebol\/ceilandia-retoma-gestao-do-futebol-e-traz-idolo-paraguaio-como-tecnico.html","title":{"rendered":"Ceil\u00e2ndia retoma gest\u00e3o do futebol e traz \u00eddolo paraguaio como t\u00e9cnico"},"content":{"rendered":"\n<p>Ap\u00f3s a demiss\u00e3o do t\u00e9cnico Marcelo Conte, divulgada em primeira m\u00e3o pela <strong>Esportes Bras\u00edlia,<\/strong> a diretoria do Ceil\u00e2ndia se reuniu com os gestores do Gr\u00eamio Barueri e tomou medidas dr\u00e1sticas.<\/p>\n\n\n\n<p>A equipe, que est\u00e1 na 10\u00aa posi\u00e7\u00e3o do Candang\u00e3o 2020, sem marcar gols e sem pontuar, e que conquistou dois t\u00edtulos nos \u00faltimos dez anos, resolveu retomar a gest\u00e3o do futebol para resgatar o tempo perdido.<\/p>\n\n\n\n<p>Assim, Vilson de S\u00e1 volta a ser o diretor de futebol do clube. O Ceil\u00e2ndia tamb\u00e9m remodelou o trato com o time paulista. Os termos de como ser\u00e3o realizadas as atividades n\u00e3o foram divulgados pela diretoria alvinegra.<\/p>\n\n\n\n<div class=\"wp-block-image\"><figure class=\"aligncenter size-large\"><img loading=\"lazy\" decoding=\"async\" width=\"960\" height=\"667\" src=\"https:\/\/www.esportesbrasilia.com.br\/noticias\/wp-content\/uploads\/gauchinho_ricardobotelho_realfc.jpg\" alt=\"\" class=\"wp-image-4695\" srcset=\"https:\/\/www.esportesbrasilia.com.br\/noticias\/wp-content\/uploads\/gauchinho_ricardobotelho_realfc.jpg 960w, https:\/\/www.esportesbrasilia.com.br\/noticias\/wp-content\/uploads\/gauchinho_ricardobotelho_realfc-300x208.jpg 300w, https:\/\/www.esportesbrasilia.com.br\/noticias\/wp-content\/uploads\/gauchinho_ricardobotelho_realfc-768x534.jpg 768w, https:\/\/www.esportesbrasilia.com.br\/noticias\/wp-content\/uploads\/gauchinho_ricardobotelho_realfc-100x70.jpg 100w, https:\/\/www.esportesbrasilia.com.br\/noticias\/wp-content\/uploads\/gauchinho_ricardobotelho_realfc-218x150.jpg 218w, https:\/\/www.esportesbrasilia.com.br\/noticias\/wp-content\/uploads\/gauchinho_ricardobotelho_realfc-696x484.jpg 696w, https:\/\/www.esportesbrasilia.com.br\/noticias\/wp-content\/uploads\/gauchinho_ricardobotelho_realfc-604x420.jpg 604w\" sizes=\"auto, (max-width: 960px) 100vw, 960px\" \/><figcaption><em>Gauchinho foi contratado para assumir o lugar de Marcelo Conte no Ceil\u00e2ndia &#8211; Foto: Ricardo Botelho\/Real FC<\/em><\/figcaption><\/figure><\/div>\n\n\n\n<h3 class=\"wp-block-heading\">\u00cddolo paraguaio \u00e9 contratado<\/h3>\n\n\n\n<p>E como primeira a\u00e7\u00e3o, o Ceil\u00e2ndia foi atr\u00e1s de um \u00eddolo paraguaio para ser t\u00e9cnico: trata-se de Gauchinho. Paulo Roberto Junges volta a treinar um time candango desde que assumiu o Paracatu\/MG, em 2018.<\/p>\n\n\n\n<p>O t\u00e9cnico, de 43 anos, j\u00e1 est\u00e1 na Cidade do Gato comandando os treinos com os jogadores. Caso o nome de Gauchinho saia no Bid-e da CBF, ele j\u00e1 comanda os trabalhos na partida deste s\u00e1bado (08), diante do Gama, no est\u00e1dio Abadi\u00e3o, \u00e0s 15h30, com transmiss\u00e3o da <strong>Esportes Bras\u00edlia<\/strong>.<\/p>\n","protected":false},"excerpt":{"rendered":"<p>Ap\u00f3s a demiss\u00e3o do t\u00e9cnico Marcelo Conte, divulgada em primeira m\u00e3o pela Esportes Bras\u00edlia, a diretoria do Ceil\u00e2ndia se reuniu com os gestores do Gr\u00eamio Barueri e tomou medidas dr\u00e1sticas. A equipe, que est\u00e1 na 10\u00aa posi\u00e7\u00e3o do Candang\u00e3o 2020, sem marcar gols e sem pontuar, e que conquistou dois t\u00edtulos nos \u00faltimos dez anos, [&hellip;]<\/p>\n","protected":false},"author":2,"featured_media":4695,"comment_status":"open","ping_status":"closed","sticky":false,"template":"","format":"standard","meta":{"footnotes":""},"categories":[8],"tags":[],"class_list":["post-13019","post","type-post","status-publish","format-standard","has-post-thumbnail","hentry","category-futebol"],"_links":{"self":[{"href":"https:\/\/www.esportesbrasilia.com.br\/noticias\/wp-json\/wp\/v2\/posts\/13019","targetHints":{"allow":["GET"]}}],"collection":[{"href":"https:\/\/www.esportesbrasilia.com.br\/noticias\/wp-json\/wp\/v2\/posts"}],"about":[{"href":"https:\/\/www.esportesbrasilia.com.br\/noticias\/wp-json\/wp\/v2\/types\/post"}],"author":[{"embeddable":true,"href":"https:\/\/www.esportesbrasilia.com.br\/noticias\/wp-json\/wp\/v2\/users\/2"}],"replies":[{"embeddable":true,"href":"https:\/\/www.esportesbrasilia.com.br\/noticias\/wp-json\/wp\/v2\/comments?post=13019"}],"version-history":[{"count":2,"href":"https:\/\/www.esportesbrasilia.com.br\/noticias\/wp-json\/wp\/v2\/posts\/13019\/revisions"}],"predecessor-version":[{"id":13023,"href":"https:\/\/www.esportesbrasilia.com.br\/noticias\/wp-json\/wp\/v2\/posts\/13019\/revisions\/13023"}],"wp:featuredmedia":[{"embeddable":true,"href":"https:\/\/www.esportesbrasilia.com.br\/noticias\/wp-json\/wp\/v2\/media\/4695"}],"wp:attachment":[{"href":"https:\/\/www.esportesbrasilia.com.br\/noticias\/wp-json\/wp\/v2\/media?parent=13019"}],"wp:term":[{"taxonomy":"category","embeddable":true,"href":"https:\/\/www.esportesbrasilia.com.br\/noticias\/wp-json\/wp\/v2\/categories?post=13019"},{"taxonomy":"post_tag","embeddable":true,"href":"https:\/\/www.esportesbrasilia.com.br\/noticias\/wp-json\/wp\/v2\/tags?post=13019"}],"curies":[{"name":"wp","href":"https:\/\/api.w.org\/{rel}","templated":true}]}}