{"id":12992,"date":"2020-02-04T23:14:45","date_gmt":"2020-02-05T02:14:45","guid":{"rendered":"http:\/\/www.esportesbrasilia.com.br\/noticias\/?p=12992"},"modified":"2020-02-04T23:17:40","modified_gmt":"2020-02-05T02:17:40","slug":"mau-desempenho-nas-duas-primeiras-rodadas-do-candangao-derruba-tecnico-do-ceilandia","status":"publish","type":"post","link":"https:\/\/www.esportesbrasilia.com.br\/noticias\/futebol\/mau-desempenho-nas-duas-primeiras-rodadas-do-candangao-derruba-tecnico-do-ceilandia.html","title":{"rendered":"Mau desempenho nas duas primeiras rodadas do Candang\u00e3o derruba t\u00e9cnico do Ceil\u00e2ndia"},"content":{"rendered":"\n<p>O gato preto est\u00e1 sem t\u00e9cnico. Ap\u00f3s duas derrotas por 2&#215;0, para Una\u00ed e Real Bras\u00edlia, e a lanterna no Candang\u00e3o 2020, o t\u00e9cnico Marcelo Conte foi demitido do cargo de treinador do Ceil\u00e2ndia.<\/p>\n\n\n\n<p>A decis\u00e3o de tirar Conte do cargo de t\u00e9cnico do gato preto foi confirmada pela diretoria do Ceil\u00e2ndia \u00e0 reportagem da <strong>Esportes Bras\u00edlia<\/strong>.<\/p>\n\n\n\n<p>O substituto de Marcelo Conte ainda n\u00e3o foi definido pelo alto escal\u00e3o do alvinegro ceilandense. Enquanto isso, o time segue treinando no CT do Gato, em Brazl\u00e2ndia.<\/p>\n\n\n\n<div class=\"wp-block-image\"><figure class=\"aligncenter size-large\"><img loading=\"lazy\" decoding=\"async\" width=\"600\" height=\"437\" src=\"https:\/\/www.esportesbrasilia.com.br\/noticias\/wp-content\/uploads\/marceloconte_ceilandiaec.jpg\" alt=\"\" class=\"wp-image-12993\" srcset=\"https:\/\/www.esportesbrasilia.com.br\/noticias\/wp-content\/uploads\/marceloconte_ceilandiaec.jpg 600w, https:\/\/www.esportesbrasilia.com.br\/noticias\/wp-content\/uploads\/marceloconte_ceilandiaec-300x219.jpg 300w, https:\/\/www.esportesbrasilia.com.br\/noticias\/wp-content\/uploads\/marceloconte_ceilandiaec-324x235.jpg 324w, https:\/\/www.esportesbrasilia.com.br\/noticias\/wp-content\/uploads\/marceloconte_ceilandiaec-577x420.jpg 577w\" sizes=\"auto, (max-width: 600px) 100vw, 600px\" \/><figcaption><em>Marcelo Conte, no primeiro trabalho como t\u00e9cnico profissional, deixa o Ceil\u00e2ndia ap\u00f3s duas derrotas e uma semana de pr\u00e9-temporada &#8211; Foto: ceilandiaec.com.br<\/em><\/figcaption><\/figure><\/div>\n\n\n\n<p>O Ceil\u00e2ndia s\u00f3 volta a campo no pr\u00f3ximo s\u00e1bado (08), \u00e0s 15h30, quando recebe o Gama, no est\u00e1dio Abadi\u00e3o. O jogo que aconteceria nesta semana, diante do Brasiliense, foi adiado para o dia 12 de fevereiro.<\/p>\n","protected":false},"excerpt":{"rendered":"<p>O gato preto est\u00e1 sem t\u00e9cnico. Ap\u00f3s duas derrotas por 2&#215;0, para Una\u00ed e Real Bras\u00edlia, e a lanterna no Candang\u00e3o 2020, o t\u00e9cnico Marcelo Conte foi demitido do cargo de treinador do Ceil\u00e2ndia. A decis\u00e3o de tirar Conte do cargo de t\u00e9cnico do gato preto foi confirmada pela diretoria do Ceil\u00e2ndia \u00e0 reportagem da [&hellip;]<\/p>\n","protected":false},"author":2,"featured_media":12993,"comment_status":"open","ping_status":"closed","sticky":false,"template":"","format":"standard","meta":{"footnotes":""},"categories":[8],"tags":[],"class_list":["post-12992","post","type-post","status-publish","format-standard","has-post-thumbnail","hentry","category-futebol"],"_links":{"self":[{"href":"https:\/\/www.esportesbrasilia.com.br\/noticias\/wp-json\/wp\/v2\/posts\/12992","targetHints":{"allow":["GET"]}}],"collection":[{"href":"https:\/\/www.esportesbrasilia.com.br\/noticias\/wp-json\/wp\/v2\/posts"}],"about":[{"href":"https:\/\/www.esportesbrasilia.com.br\/noticias\/wp-json\/wp\/v2\/types\/post"}],"author":[{"embeddable":true,"href":"https:\/\/www.esportesbrasilia.com.br\/noticias\/wp-json\/wp\/v2\/users\/2"}],"replies":[{"embeddable":true,"href":"https:\/\/www.esportesbrasilia.com.br\/noticias\/wp-json\/wp\/v2\/comments?post=12992"}],"version-history":[{"count":2,"href":"https:\/\/www.esportesbrasilia.com.br\/noticias\/wp-json\/wp\/v2\/posts\/12992\/revisions"}],"predecessor-version":[{"id":12995,"href":"https:\/\/www.esportesbrasilia.com.br\/noticias\/wp-json\/wp\/v2\/posts\/12992\/revisions\/12995"}],"wp:featuredmedia":[{"embeddable":true,"href":"https:\/\/www.esportesbrasilia.com.br\/noticias\/wp-json\/wp\/v2\/media\/12993"}],"wp:attachment":[{"href":"https:\/\/www.esportesbrasilia.com.br\/noticias\/wp-json\/wp\/v2\/media?parent=12992"}],"wp:term":[{"taxonomy":"category","embeddable":true,"href":"https:\/\/www.esportesbrasilia.com.br\/noticias\/wp-json\/wp\/v2\/categories?post=12992"},{"taxonomy":"post_tag","embeddable":true,"href":"https:\/\/www.esportesbrasilia.com.br\/noticias\/wp-json\/wp\/v2\/tags?post=12992"}],"curies":[{"name":"wp","href":"https:\/\/api.w.org\/{rel}","templated":true}]}}