{"id":12803,"date":"2020-01-22T11:15:16","date_gmt":"2020-01-22T14:15:16","guid":{"rendered":"http:\/\/www.esportesbrasilia.com.br\/noticias\/?p=12803"},"modified":"2020-01-22T11:16:01","modified_gmt":"2020-01-22T14:16:01","slug":"tjd-df-confirma-punicao-de-portoes-fechados-ao-brasiliense","status":"publish","type":"post","link":"https:\/\/www.esportesbrasilia.com.br\/noticias\/futebol\/tjd-df-confirma-punicao-de-portoes-fechados-ao-brasiliense.html","title":{"rendered":"TJD\/DF confirma puni\u00e7\u00e3o de port\u00f5es fechados ao Brasiliense"},"content":{"rendered":"\n<p>O Brasiliense recorreu da decis\u00e3o dada pelo TJD\/DF de punir o clube com a perda de dois mandos de campo depois da confus\u00e3o entre torcidas organizadas, dirigentes e jogadores na partida entre Brasiliense e Paracatu, pela semifinal do Candang\u00e3o 2019.<\/p>\n\n\n\n<p>O julgamento aconteceu nesta ter\u00e7a-feira (21) na sede do Tribunal de Justi\u00e7a Desportiva do DF, o TJD\/DF. Apesar dos argumentos, o tribunal n\u00e3o acolheu o pedido de efeito suspensivo e manteve a penalidade de duas partidas sem a presen\u00e7a de torcedores com mando do Brasiliense, bem como a multa de R$ 6 mil.<\/p>\n\n\n\n<p>Assim, as partidas contra o Sobradinho, neste s\u00e1bado (25), e Ceil\u00e2ndia, em 12 de fevereiro, n\u00e3o poder\u00e3o ter a presen\u00e7a de p\u00fablico. O torcedor do Brasiliense poder\u00e1 ver seu time no Serej\u00e3o no dia 02 de fevereiro, quando o clube enfrenta o Taguatinga &#8211; com mando da ave branca &#8211; pela segunda rodada da competi\u00e7\u00e3o.<\/p>\n\n\n\n<p>No entanto, como mandante, a primeira partida do Brasiliense com a presen\u00e7a do torcedor ser\u00e1 apenas no dia 15 de fevereiro, justamente no cl\u00e1ssico diante do Gama, v\u00e1lido pela quinta rodada. O jogo est\u00e1 marcado para o est\u00e1dio Serej\u00e3o, em Taguatinga, \u00e0s 15h30.<\/p>\n\n\n\n<h3 class=\"wp-block-heading\">Suspens\u00e3o mantida a Radam\u00e9s<\/h3>\n\n\n\n<p>O volante Radam\u00e9s, que foi punido pela mesma confus\u00e3o, teve a pena de cinco jogos de suspens\u00e3o mantida pelo tribunal.<\/p>\n\n\n\n<p>Assim, o jogador s\u00f3 poder\u00e1 estrear no Candang\u00e3o 2020 na partida contra o Luzi\u00e2nia, na sexta rodada da competi\u00e7\u00e3o.<\/p>\n","protected":false},"excerpt":{"rendered":"<p>O Brasiliense recorreu da decis\u00e3o dada pelo TJD\/DF de punir o clube com a perda de dois mandos de campo depois da confus\u00e3o entre torcidas organizadas, dirigentes e jogadores na partida entre Brasiliense e Paracatu, pela semifinal do Candang\u00e3o 2019. O julgamento aconteceu nesta ter\u00e7a-feira (21) na sede do Tribunal de Justi\u00e7a Desportiva do DF, [&hellip;]<\/p>\n","protected":false},"author":2,"featured_media":8423,"comment_status":"open","ping_status":"closed","sticky":false,"template":"","format":"standard","meta":{"footnotes":""},"categories":[8],"tags":[],"class_list":["post-12803","post","type-post","status-publish","format-standard","has-post-thumbnail","hentry","category-futebol"],"_links":{"self":[{"href":"https:\/\/www.esportesbrasilia.com.br\/noticias\/wp-json\/wp\/v2\/posts\/12803","targetHints":{"allow":["GET"]}}],"collection":[{"href":"https:\/\/www.esportesbrasilia.com.br\/noticias\/wp-json\/wp\/v2\/posts"}],"about":[{"href":"https:\/\/www.esportesbrasilia.com.br\/noticias\/wp-json\/wp\/v2\/types\/post"}],"author":[{"embeddable":true,"href":"https:\/\/www.esportesbrasilia.com.br\/noticias\/wp-json\/wp\/v2\/users\/2"}],"replies":[{"embeddable":true,"href":"https:\/\/www.esportesbrasilia.com.br\/noticias\/wp-json\/wp\/v2\/comments?post=12803"}],"version-history":[{"count":3,"href":"https:\/\/www.esportesbrasilia.com.br\/noticias\/wp-json\/wp\/v2\/posts\/12803\/revisions"}],"predecessor-version":[{"id":12806,"href":"https:\/\/www.esportesbrasilia.com.br\/noticias\/wp-json\/wp\/v2\/posts\/12803\/revisions\/12806"}],"wp:featuredmedia":[{"embeddable":true,"href":"https:\/\/www.esportesbrasilia.com.br\/noticias\/wp-json\/wp\/v2\/media\/8423"}],"wp:attachment":[{"href":"https:\/\/www.esportesbrasilia.com.br\/noticias\/wp-json\/wp\/v2\/media?parent=12803"}],"wp:term":[{"taxonomy":"category","embeddable":true,"href":"https:\/\/www.esportesbrasilia.com.br\/noticias\/wp-json\/wp\/v2\/categories?post=12803"},{"taxonomy":"post_tag","embeddable":true,"href":"https:\/\/www.esportesbrasilia.com.br\/noticias\/wp-json\/wp\/v2\/tags?post=12803"}],"curies":[{"name":"wp","href":"https:\/\/api.w.org\/{rel}","templated":true}]}}