{"id":12800,"date":"2020-01-22T10:40:37","date_gmt":"2020-01-22T13:40:37","guid":{"rendered":"http:\/\/www.esportesbrasilia.com.br\/noticias\/?p=12800"},"modified":"2020-01-22T10:40:39","modified_gmt":"2020-01-22T13:40:39","slug":"luis-carlos-souza-nao-e-mais-tecnico-do-capital","status":"publish","type":"post","link":"https:\/\/www.esportesbrasilia.com.br\/noticias\/futebol\/luis-carlos-souza-nao-e-mais-tecnico-do-capital.html","title":{"rendered":"Luis Carlos Souza n\u00e3o \u00e9 mais t\u00e9cnico do Capital"},"content":{"rendered":"\n<p>O Candang\u00e3o j\u00e1 tem a segunda troca de treinador antes mesmo do in\u00edcio da competi\u00e7\u00e3o. Depois de Ricardo Ant\u00f4nio deixar o Real Bras\u00edlia, agora \u00e9 a vez do Capital anunciar a troca de treinador.<\/p>\n\n\n\n<p>Luis Carlos Souza, que foi campe\u00e3o pelo Bras\u00edlia na Copa Verde em 2014, n\u00e3o \u00e9 mais t\u00e9cnico da Coruja. A demiss\u00e3o foi confirmada pela assessoria de imprensa do Capital. A informa\u00e7\u00e3o foi divulgada primeiramente no <em>Distrito do Esporte<\/em>, parceiro da <strong>Esportes Bras\u00edlia<\/strong>.<\/p>\n\n\n\n<div class=\"wp-block-image\"><figure class=\"aligncenter size-large\"><img loading=\"lazy\" decoding=\"async\" width=\"787\" height=\"415\" src=\"https:\/\/www.esportesbrasilia.com.br\/noticias\/wp-content\/uploads\/luiscarlossouza_claudioreis_arquivo.jpg\" alt=\"\" class=\"wp-image-12801\" srcset=\"https:\/\/www.esportesbrasilia.com.br\/noticias\/wp-content\/uploads\/luiscarlossouza_claudioreis_arquivo.jpg 787w, https:\/\/www.esportesbrasilia.com.br\/noticias\/wp-content\/uploads\/luiscarlossouza_claudioreis_arquivo-300x158.jpg 300w, https:\/\/www.esportesbrasilia.com.br\/noticias\/wp-content\/uploads\/luiscarlossouza_claudioreis_arquivo-768x405.jpg 768w, https:\/\/www.esportesbrasilia.com.br\/noticias\/wp-content\/uploads\/luiscarlossouza_claudioreis_arquivo-696x367.jpg 696w\" sizes=\"auto, (max-width: 787px) 100vw, 787px\" \/><figcaption><em>T\u00e9cnico deixou o clube antes da estreia diante do Ceilandense &#8211; Foto: Claudio Reis\/Arquivo<\/em><\/figcaption><\/figure><\/div>\n\n\n\n<p>Segundo a assessoria de imprensa do clube, uma nota ser\u00e1 divulgada nas pr\u00f3ximas horas informando os motivos da sa\u00edda de Luis. Ainda n\u00e3o se sabe o nome do substituto para a estreia no Candang\u00e3o 2020, diante do Ceilandense.<\/p>\n\n\n\n<p>A largada da coruja no Candang\u00e3o 2020 acontece \u00e0s 11h deste domingo (26), no est\u00e1dio Bezerr\u00e3o, no Gama, com transmiss\u00e3o da EB.<\/p>\n","protected":false},"excerpt":{"rendered":"<p>O Candang\u00e3o j\u00e1 tem a segunda troca de treinador antes mesmo do in\u00edcio da competi\u00e7\u00e3o. Depois de Ricardo Ant\u00f4nio deixar o Real Bras\u00edlia, agora \u00e9 a vez do Capital anunciar a troca de treinador. Luis Carlos Souza, que foi campe\u00e3o pelo Bras\u00edlia na Copa Verde em 2014, n\u00e3o \u00e9 mais t\u00e9cnico da Coruja. A demiss\u00e3o [&hellip;]<\/p>\n","protected":false},"author":2,"featured_media":12801,"comment_status":"open","ping_status":"closed","sticky":false,"template":"","format":"standard","meta":{"footnotes":""},"categories":[8],"tags":[],"class_list":["post-12800","post","type-post","status-publish","format-standard","has-post-thumbnail","hentry","category-futebol"],"_links":{"self":[{"href":"https:\/\/www.esportesbrasilia.com.br\/noticias\/wp-json\/wp\/v2\/posts\/12800","targetHints":{"allow":["GET"]}}],"collection":[{"href":"https:\/\/www.esportesbrasilia.com.br\/noticias\/wp-json\/wp\/v2\/posts"}],"about":[{"href":"https:\/\/www.esportesbrasilia.com.br\/noticias\/wp-json\/wp\/v2\/types\/post"}],"author":[{"embeddable":true,"href":"https:\/\/www.esportesbrasilia.com.br\/noticias\/wp-json\/wp\/v2\/users\/2"}],"replies":[{"embeddable":true,"href":"https:\/\/www.esportesbrasilia.com.br\/noticias\/wp-json\/wp\/v2\/comments?post=12800"}],"version-history":[{"count":1,"href":"https:\/\/www.esportesbrasilia.com.br\/noticias\/wp-json\/wp\/v2\/posts\/12800\/revisions"}],"predecessor-version":[{"id":12802,"href":"https:\/\/www.esportesbrasilia.com.br\/noticias\/wp-json\/wp\/v2\/posts\/12800\/revisions\/12802"}],"wp:featuredmedia":[{"embeddable":true,"href":"https:\/\/www.esportesbrasilia.com.br\/noticias\/wp-json\/wp\/v2\/media\/12801"}],"wp:attachment":[{"href":"https:\/\/www.esportesbrasilia.com.br\/noticias\/wp-json\/wp\/v2\/media?parent=12800"}],"wp:term":[{"taxonomy":"category","embeddable":true,"href":"https:\/\/www.esportesbrasilia.com.br\/noticias\/wp-json\/wp\/v2\/categories?post=12800"},{"taxonomy":"post_tag","embeddable":true,"href":"https:\/\/www.esportesbrasilia.com.br\/noticias\/wp-json\/wp\/v2\/tags?post=12800"}],"curies":[{"name":"wp","href":"https:\/\/api.w.org\/{rel}","templated":true}]}}