{"id":12775,"date":"2020-01-20T08:01:00","date_gmt":"2020-01-20T11:01:00","guid":{"rendered":"http:\/\/www.esportesbrasilia.com.br\/noticias\/?p=12775"},"modified":"2020-01-20T00:12:55","modified_gmt":"2020-01-20T03:12:55","slug":"exclusivo-ari-de-almeida-solta-o-verbo-sobre-varios-assuntos-e-fala-do-ceilandia-incognita","status":"publish","type":"post","link":"https:\/\/www.esportesbrasilia.com.br\/noticias\/futebol\/exclusivo-ari-de-almeida-solta-o-verbo-sobre-varios-assuntos-e-fala-do-ceilandia-incognita.html","title":{"rendered":"Exclusivo: Ari de Almeida solta o verbo sobre v\u00e1rios assuntos e fala do Ceil\u00e2ndia: &#8220;inc\u00f3gnita&#8221;"},"content":{"rendered":"\n<p>Sexta-feira, 17 de janeiro. Por volta das 18h, em frente \u00e0 uma cafeteria de um shopping em Taguatinga, ele v\u00ea o rep\u00f3rter e j\u00e1 exclama: \u201cTava dif\u00edcil chegar\u201d? O rep\u00f3rter responde: \u201c\u00c9 a chuva, sabe como \u00e9\u201d. N\u00e3o pensa duas vezes e j\u00e1 diz: \u201cVamos come\u00e7ar? Liga o gravador a\u00ed\u201d.<\/p>\n\n\n\n<p>Quem disse essas frases \u00e9 nada mais, nada menos, que Ari de Almeida, presidente do Ceil\u00e2ndia Esporte Clube. O dirigente, que n\u00e3o permitiu a presen\u00e7a da imprensa na apresenta\u00e7\u00e3o da equipe na \u00faltima semana, soltou o verbo em uma entrevista exclusiva \u00e0 <strong>Esportes Bras\u00edlia<\/strong>.<\/p>\n\n\n\n<p>Entre os assuntos pautados est\u00e3o como o Ceil\u00e2ndia vir\u00e1 para o Candang\u00e3o 2020, o porqu\u00ea da demora em fechar a parceria com o Barueri\/SP, o contrato que n\u00e3o foi assinado pelo Ceil\u00e2ndia com a TV Bras\u00edlia, a maneira como a imprensa esportiva tem agido em rela\u00e7\u00e3o ao gato preto, a poss\u00edvel aus\u00eancia do Abadi\u00e3o e as poss\u00edveis solu\u00e7\u00f5es para o futebol de Bras\u00edlia.<\/p>\n\n\n\n<p>Esta entrevista foi realizada antes do \u00fanico amistoso realizado pelo Ceil\u00e2ndia antes da estreia no Candang\u00e3o 2020. O gato preto enfrentou o sub-20 do Brazl\u00e2ndia e venceu por 4&#215;1.<\/p>\n\n\n\n<p>Questionado como ser\u00e1 o Ceil\u00e2ndia para o Candang\u00e3o 2020, o dirigente afirma que ser\u00e1 uma inc\u00f3gnita. \u201cA gente vem com um plantel de qualidade, mas estamos falando de uma semana de prepara\u00e7\u00e3o para o campeonato. O in\u00edcio da tabela \u00e9 dif\u00edcil, alguns jogadores estavam treinando e outros pararam em 17 de setembro. No entanto, quero deixar claro que o futebol ser\u00e1 tocado pelo Gr\u00eamio Barueri. O Ceil\u00e2ndia participa apenas com a parte burocr\u00e1tica\u201d, diz Ari.<\/p>\n\n\n\n<p>Como voc\u00ea leu aqui na <strong>Esportes Bras\u00edlia<\/strong>, <strong><a href=\"https:\/\/www.esportesbrasilia.com.br\/noticias\/futebol\/ceilandia-divulga-nota-afirmando-que-pode-ficar-fora-do-candangao-2020.html\">o Ceil\u00e2ndia cogitou a possibilidade de n\u00e3o participar do Candang\u00e3o 2020<\/a><\/strong>, por conta de d\u00edvidas e de n\u00e3o ter elenco para disputar a competi\u00e7\u00e3o. A parceria com o time paulista foi fechada h\u00e1 uma semana e o dirigente quis explicar o porqu\u00ea da demora em anunciar a participa\u00e7\u00e3o no torneio local.<\/p>\n\n\n\n<p>\u201cBras\u00edlia atrai o maior n\u00famero de picaretas de futebol por metro quadrado. N\u00e3o estou dizendo que, quem est\u00e1 aqui fazendo futebol seja, mas atrai os picaretas. A gente conviveu com muitas situa\u00e7\u00f5es que voc\u00ea vinha que n\u00e3o tinha nexo, n\u00e3o tinha fundamento. A minha posi\u00e7\u00e3o como presidente do Ceil\u00e2ndia era de n\u00e3o disputar\u201d, frisou.<\/p>\n\n\n\n<p>\u201cO que voc\u00ea ganha disputando o campeonato brasiliense? Uma vaga na s\u00e9rie D do Brasileiro. A S\u00e9rie D \u00e9 s\u00f3 mais gasto. Os times daqui n\u00e3o est\u00e3o preparados. O \u00fanico que tem estrutura, que \u00e9 o Brasiliense, ainda vai disputar uma pr\u00e9-s\u00e9rie D. O Gama tem camisa muito forte. Ningu\u00e9m sabe o que vai acontecer. Para os outros times, \u00e9 voc\u00ea alongar o sofrimento. N\u00e3o tenho estrutura, at\u00e9 o ano passado nem s\u00e9rie C recebia investimento. Agora, tem cota de tv. Fica atraente voc\u00ea jogar com a perspectiva de subir\u201d, completou.<\/p>\n\n\n\n<p>A tabela do Candang\u00e3o 2020 come\u00e7a de maneira ingrata para o gato preto. A sequ\u00eancia inicia com Una\u00ed, Real Bras\u00edlia, Brasiliense e Gama. \u201cEstou torcendo muito para que o Ceil\u00e2ndia classifique. Hoje [dia da entrevista], estamos fazendo apenas quatro dias de trabalho. N\u00e3o d\u00e1 para fazer e avaliar nada. Dizem que o Una\u00ed est\u00e1 treinando h\u00e1 30, 40 dias. Depois, vamos pegar um Real Bras\u00edlia que est\u00e1 treinando desde outubro. Depois, o Brasiliense e o Gama. Pode ser que o campeonato, para gente, comece s\u00f3 na quinta rodada\u201d, avalia o dirigente.<\/p>\n\n\n\n<h3 class=\"wp-block-heading\">Gato sem TV Bras\u00edlia<\/h3>\n\n\n\n<p>A partir de 2020, pelos pr\u00f3ximos dois anos, os direitos de transmiss\u00e3o do Candang\u00e3o ficam a cargo da TV Bras\u00edlia. Segundo reportagem do <em>Distrito do Esporte<\/em>, os lucros e dividendos ser\u00e3o repartidos igualmente entre o canal 6.1 e os times. O Brasiliense e o Ceil\u00e2ndia, dirigido por Ari, foram os \u00fanicos dois times que n\u00e3o assinaram o contrato com a emissora dos Di\u00e1rios Associados. Ari justifica a n\u00e3o assinatura do documento.<\/p>\n\n\n\n<p>\u201cQuem assiste a TV Bras\u00edlia? O que ela vai acrescentar ao futebol do Distrito Federal? Reclamavam que a Globo s\u00f3 dava R$ 40 mil. E a TV Bras\u00edlia, deu o que? Eu assinaria se n\u00e3o tivesse dinheiro, mas se dissessem qual era o intuito, qual era o projeto. \u2018Ah, \u00e9 elevar o futebol de Bras\u00edlia\u2026\u2019 mas por onde? Pela emissora de menor audi\u00eancia? N\u00e3o d\u00e1. A Band, que j\u00e1 faz o esporte local, era que deveria ser consultada se faria de gra\u00e7a. N\u00e3o pretendo assinar no modelo que est\u00e1. Qual foi o fomento que a Federa\u00e7\u00e3o fez at\u00e9 agora? O que vamos ter de novo? Sair da Globo e ir para a TV Bras\u00edlia \u00e9 novo? N\u00e3o \u00e9. Se n\u00e3o tem nada novo, diz que estamos trabalhando para ter isso\u201d, afirmou Ari.<\/p>\n\n\n\n<p>Ari aproveitou a oportunidade para desabafar sobre a imprensa candanga, onde, na avalia\u00e7\u00e3o do dirigente, precisa se reinventar. \u201cAlguns rep\u00f3rteres ainda tiveram a capacidade de dizer que somos um c\u00e2ncer no futebol. Que c\u00e2ncer \u00e9 esse, que faz seis finais nos \u00faltimos dez anos?\u201d, indaga.<\/p>\n\n\n\n<p>Questionamos o fato de Ari ter fechado o Centro de Treinamento do clube, a \u201cCidade do Gato\u201d, para a presen\u00e7a da imprensa na apresenta\u00e7\u00e3o do Ceil\u00e2ndia na \u00faltima semana. O dirigente tentou justificar que a cr\u00f4nica esportiva candanga n\u00e3o tem a capacidade de analisar \u2013 na vis\u00e3o dele \u2013 a maneira correta de como o time est\u00e1 se preparando.<\/p>\n\n\n\n<p>\u201cEu tenho problemas pontuais com a imprensa. Se eu levo a imprensa do Distrito Federal para a apresenta\u00e7\u00e3o do time no CT, alguns diriam que o time n\u00e3o prestava. Tem alguns que querem s\u00f3 cornetar, n\u00e3o querem colaborar. Eles [jornalistas] acham que isso dar\u00e1 audi\u00eancia pra eles. Ser\u00e1 que a nossa imprensa n\u00e3o v\u00ea que esse modelo est\u00e1 errado? Que tem que se reinventar? \u00c9 muito f\u00e1cil pegar um microfone e falar um monte de asneiras. Mas quero deixar claro que tem gente s\u00e9ria tamb\u00e9m. Eu tenho que blindar meu time mesmo. O Ceil\u00e2ndia tem pe\u00e7as boas, o treinador \u00e9 bom, o gestor \u00e9 s\u00e9rio, sabe o que quer do futebol\u201d, ressalta.<\/p>\n\n\n\n<div class=\"wp-block-media-text alignwide\"><figure class=\"wp-block-media-text__media\"><img loading=\"lazy\" decoding=\"async\" width=\"728\" height=\"553\" src=\"https:\/\/www.esportesbrasilia.com.br\/noticias\/wp-content\/uploads\/arialmeida_div.jpg\" alt=\"\" class=\"wp-image-12776\" srcset=\"https:\/\/www.esportesbrasilia.com.br\/noticias\/wp-content\/uploads\/arialmeida_div.jpg 728w, https:\/\/www.esportesbrasilia.com.br\/noticias\/wp-content\/uploads\/arialmeida_div-300x228.jpg 300w, https:\/\/www.esportesbrasilia.com.br\/noticias\/wp-content\/uploads\/arialmeida_div-80x60.jpg 80w, https:\/\/www.esportesbrasilia.com.br\/noticias\/wp-content\/uploads\/arialmeida_div-696x529.jpg 696w, https:\/\/www.esportesbrasilia.com.br\/noticias\/wp-content\/uploads\/arialmeida_div-553x420.jpg 553w\" sizes=\"auto, (max-width: 728px) 100vw, 728px\" \/><\/figure><div class=\"wp-block-media-text__content\">\n<p style=\"font-size:24px\"><em>\u00c9 muito f\u00e1cil pegar um microfone e falar um monte de asneiras. Mas quero deixar claro que tem gente s\u00e9ria tamb\u00e9m.<\/em><\/p>\n<\/div><\/div>\n\n\n\n<p>Ari ainda acusa a imprensa candanga de ser clubista. \u201cQuantos rep\u00f3rteres aqui torcem para o Gama? Muitos. A\u00ed tem seriedade nisso? Nos grandes eixos, como Rio\/S\u00e3o Paulo, voc\u00ea pode ter camisa. J\u00e1 aqui, estamos em um processo de constru\u00e7\u00e3o. Ou todos os gestores come\u00e7am a tratar o futebol com seriedade ou vai piorar cada vez mais. E o modelo que est\u00e1 n\u00e3o vai fazer com que se reinvente\u201d, desabafa o dirigente.<\/p>\n\n\n\n<h3 class=\"wp-block-heading\">Abadi\u00e3o fora?<\/h3>\n\n\n\n<p>A sede oficial do Ceil\u00e2ndia \u00e9 o est\u00e1dio Abadi\u00e3o, na regi\u00e3o central da cidade. Contudo, o palco do gato preto, ainda n\u00e3o est\u00e1 autorizado a receber as partidas, uma vez que n\u00e3o existem laudos atualizados.<\/p>\n\n\n\n<p>Vale lembrar que o local foi totalmente reformado, uma vez que o Abadi\u00e3o foi centro de treinamento dos times na Copa do Mundo da FIFA Sub-17, realizada no \u00faltimo m\u00eas de outubro.<\/p>\n\n\n\n<p>\u201cEst\u00e1 indefinido [onde vou mandar os jogos]. Eu n\u00e3o sei se o Abadi\u00e3o vai ter laudo. A possibilidade de eu mandar os jogos fora de Bras\u00edlia \u00e9 enorme. E ningu\u00e9m vai poder dizer que n\u00e3o vai, pois vai ter jogo em Una\u00ed\/MG. O Una\u00ed voltou ao Candang\u00e3o sem consultar ningu\u00e9m, do mesmo jeito que eu posso ir para Paracatu. Porque n\u00e3o? At\u00e9 ontem, Paracatu era uma pra\u00e7a. Porque n\u00e3o posso mandar os jogos l\u00e1? O Abadi\u00e3o est\u00e1 sem laudo. Eu acho que n\u00e3o tira a tempo da segunda rodada\u201d, afirma o presidente do Ceil\u00e2ndia.<\/p>\n\n\n\n<p>Ari entende que ainda falta uma pol\u00edtica para os est\u00e1dios. \u201cOnde a Federa\u00e7\u00e3o j\u00e1 foi negociar a vinda de jogos para c\u00e1? \u00c9 muito f\u00e1cil esperar os times anunciarem. N\u00e3o, a Federa\u00e7\u00e3o tem que fomentar tamb\u00e9m. Ela tamb\u00e9m \u00e9 respons\u00e1vel pelo elefante branco e pelos est\u00e1dios prec\u00e1rios que diz que tem. O representante dela, numa reuni\u00e3o na Administra\u00e7\u00e3o de Ceil\u00e2ndia, disse que os est\u00e1dios s\u00e3o muito prec\u00e1rios. Mas, ela tamb\u00e9m \u00e9 respons\u00e1vel. Ou voc\u00ea acha que o papel dela \u00e9 jogar as bolinhas e sortear tabela? Ela \u00e9 a maior gestora\u201d, questiona.<\/p>\n\n\n\n<h3 class=\"wp-block-heading\">Melhorias para o futebol de Bras\u00edlia<\/h3>\n\n\n\n<p>Ari garantiu, durante a entrevista \u00e0 <strong>EB<\/strong>, que tem tentado propor para a Federa\u00e7\u00e3o um debate visando melhorar o futebol da cidade. \u201cUm dos motivos \u00e9 que falta articula\u00e7\u00e3o e projetos para o futebol de Bras\u00edlia. O que ela pensou? Tenho que reconhecer. O presidente est\u00e1 sanando muitas d\u00edvidas da Federa\u00e7\u00e3o, consegue se comunicar com todos os clubes, mas tem que pensar no futebol local. Tivemos o Ceilandense que quase n\u00e3o se resolve, outros times como Luzi\u00e2nia, Sobradinho, Parano\u00e1. Quase que cinco n\u00e3o conseguiram se estruturar. Est\u00e1 claro que o Candang\u00e3o tem que ser feito com oito clubes. Sai mais barato, \u00e9 mais atrativo. Fizemos em 2010 assim e \u00e9 s\u00f3 ver como foi. Os jogos de mata-mata todos foram com casa cheia. Como reinventar? Primeiro, mudando o regulamento. Pra que 12 clubes? Dos 12, quatro n\u00e3o demonstraram como montar times\u201d, conta.<\/p>\n\n\n\n<p>O dirigente tamb\u00e9m avaliou que o Candang\u00e3o 2020 ser\u00e1 um dos piores a serem disputados. \u201cO nosso futebol nesse ano ser\u00e1 do menor n\u00edvel. Vai ser pior do que no ano passado. Em 2019, o Ceil\u00e2ndia estava com um time razo\u00e1vel, bateu na trave dos dois lados, tivemos a grata surpresa do Real fazer uma semifinal, o Paracatu chegar na semifinal. Foram gratas surpresas. Qual a chance de dar uma zebra esse ano? Zero. Brasiliense e Gama tem de tudo para fazer a final e o Real ser a terceira for\u00e7a de estrutura. N\u00e3o podemos esquecer que, a n\u00edvel de CBF, o Brasiliense \u00e9 o primeiro do Distrito Federal e o Ceilandia \u00e9 o segundo\u201d, ressalta.<\/p>\n\n\n\n<h3 class=\"wp-block-heading\">&#8220;N\u00e3o concordo com avalia\u00e7\u00e3o antecipada&#8221;<\/h3>\n\n\n\n<p>A Federa\u00e7\u00e3o de Futebol do Distrito Federal teve a chapa encabe\u00e7ada por Daniel Vasconcelos reeleita para comandar a entidade m\u00e1xima do futebol candango. No entanto, o presidente do Ceil\u00e2ndia ressalta que n\u00e3o concordou com a antecipa\u00e7\u00e3o da elei\u00e7\u00e3o para o m\u00eas de dezembro de 2019, sendo que a \u201cnova\u201d gest\u00e3o de Daniel se inicia somente em outubro deste ano.<\/p>\n\n\n\n<p>\u201cO Ceil\u00e2ndia n\u00e3o era opositor [\u00e0 FFDF]. O Ceil\u00e2ndia s\u00f3 n\u00e3o foi convidado para a discuss\u00e3o. Ou seja, todo mundo ia comer a cereja e eu ia ficar com o glac\u00ea. A chapa \u00fanica que teve, fez certo. Se o estatuto permitir que fa\u00e7a elei\u00e7\u00e3o, que fa\u00e7a. Parab\u00e9ns. Agora, onde j\u00e1 se viu, faltando um ano, avaliar a gest\u00e3o? E se fizer m<strong><em>* esse ano, o campeonato for uma b<\/em><\/strong>*? J\u00e1 est\u00e1 feito, j\u00e1 est\u00e1 eleito. Avaliaram que foi \u00f3timo. [A FFDF] errou nesse processo\u201d, reclama.<\/p>\n\n\n\n<p>\u201cO Daniel [Vasconcelos, presidente da FFDF] poderia ter sido reeleito presidente que teria meu apoio, mas num processo de di\u00e1logo, esperando chegar o momento certo. Ainda tem uma temporada de futebol pela frente e j\u00e1 foi avaliado que foi excepcional, sendo que o Daniel reeleito quase que por unanimidade. N\u00e3o era a hora. Eu n\u00e3o participei de nenhuma avalia\u00e7\u00e3o. As pessoas t\u00eam que parar de ter medo. A oposi\u00e7\u00e3o faz bem a qualquer processo. O Ceil\u00e2ndia, nem eu, somos oposi\u00e7\u00e3o, mas o Ceil\u00e2ndia n\u00e3o \u00e9 obrigado a concordar com tudo. Mas estou aberto ao di\u00e1logo\u201d, finalizou a entrevista.<\/p>\n\n\n\n<p>O Ceil\u00e2ndia estreia no Candang\u00e3o 2020 diante do Una\u00ed Esporte no pr\u00f3ximo domingo (26), \u00e0s 15h30, no est\u00e1dio Urbano Adjuto, em Una\u00ed\/MG.<\/p>\n","protected":false},"excerpt":{"rendered":"<p>Sexta-feira, 17 de janeiro. Por volta das 18h, em frente \u00e0 uma cafeteria de um shopping em Taguatinga, ele v\u00ea o rep\u00f3rter e j\u00e1 exclama: \u201cTava dif\u00edcil chegar\u201d? O rep\u00f3rter responde: \u201c\u00c9 a chuva, sabe como \u00e9\u201d. N\u00e3o pensa duas vezes e j\u00e1 diz: \u201cVamos come\u00e7ar? Liga o gravador a\u00ed\u201d. Quem disse essas frases \u00e9 [&hellip;]<\/p>\n","protected":false},"author":2,"featured_media":12777,"comment_status":"open","ping_status":"closed","sticky":false,"template":"","format":"standard","meta":{"footnotes":""},"categories":[8],"tags":[],"class_list":["post-12775","post","type-post","status-publish","format-standard","has-post-thumbnail","hentry","category-futebol"],"_links":{"self":[{"href":"https:\/\/www.esportesbrasilia.com.br\/noticias\/wp-json\/wp\/v2\/posts\/12775","targetHints":{"allow":["GET"]}}],"collection":[{"href":"https:\/\/www.esportesbrasilia.com.br\/noticias\/wp-json\/wp\/v2\/posts"}],"about":[{"href":"https:\/\/www.esportesbrasilia.com.br\/noticias\/wp-json\/wp\/v2\/types\/post"}],"author":[{"embeddable":true,"href":"https:\/\/www.esportesbrasilia.com.br\/noticias\/wp-json\/wp\/v2\/users\/2"}],"replies":[{"embeddable":true,"href":"https:\/\/www.esportesbrasilia.com.br\/noticias\/wp-json\/wp\/v2\/comments?post=12775"}],"version-history":[{"count":2,"href":"https:\/\/www.esportesbrasilia.com.br\/noticias\/wp-json\/wp\/v2\/posts\/12775\/revisions"}],"predecessor-version":[{"id":12779,"href":"https:\/\/www.esportesbrasilia.com.br\/noticias\/wp-json\/wp\/v2\/posts\/12775\/revisions\/12779"}],"wp:featuredmedia":[{"embeddable":true,"href":"https:\/\/www.esportesbrasilia.com.br\/noticias\/wp-json\/wp\/v2\/media\/12777"}],"wp:attachment":[{"href":"https:\/\/www.esportesbrasilia.com.br\/noticias\/wp-json\/wp\/v2\/media?parent=12775"}],"wp:term":[{"taxonomy":"category","embeddable":true,"href":"https:\/\/www.esportesbrasilia.com.br\/noticias\/wp-json\/wp\/v2\/categories?post=12775"},{"taxonomy":"post_tag","embeddable":true,"href":"https:\/\/www.esportesbrasilia.com.br\/noticias\/wp-json\/wp\/v2\/tags?post=12775"}],"curies":[{"name":"wp","href":"https:\/\/api.w.org\/{rel}","templated":true}]}}