{"id":12771,"date":"2020-01-19T19:30:04","date_gmt":"2020-01-19T22:30:04","guid":{"rendered":"http:\/\/www.esportesbrasilia.com.br\/noticias\/?p=12771"},"modified":"2020-01-19T19:33:54","modified_gmt":"2020-01-19T22:33:54","slug":"ricardo-antonio-deixa-o-real-brasilia-a-seis-dias-da-estreia-no-candangao","status":"publish","type":"post","link":"https:\/\/www.esportesbrasilia.com.br\/noticias\/futebol\/ricardo-antonio-deixa-o-real-brasilia-a-seis-dias-da-estreia-no-candangao.html","title":{"rendered":"Ricardo Ant\u00f4nio deixa o Real Bras\u00edlia a seis dias da estreia no Candang\u00e3o"},"content":{"rendered":"\n<p>O Real Bras\u00edlia comunicou, na manh\u00e3 deste domingo (19), a sa\u00edda do Ricardo Ant\u00f4nio do comando da equipe candanga.<\/p>\n\n\n\n<p>O t\u00e9cnico, que foi contratado em outubro de 2019, acertou a sa\u00edda com a diretoria devido a problemas pessoais. No entanto, nos bastidores, especula-se que a sa\u00edda de Ricardo foi motivada tamb\u00e9m pelos resultados adversos do Real Bras\u00edlia na pr\u00e9-temporada.<\/p>\n\n\n\n<p>At\u00e9 aqui, o Real Bras\u00edlia realizou quatro amistosos na pr\u00e9-temporada: venceu a Aparecidense e perdeu para An\u00e1polis, Gr\u00eamio An\u00e1polis e Vila Nova.<\/p>\n\n\n\n<p>Com a sa\u00edda de Ricardo, Evil\u00e1zio de Almeida, que \u00e9 auxiliar-t\u00e9cnico permanente da equipe, assumir\u00e1 o comando do Real Bras\u00edlia temporariamente.<\/p>\n\n\n\n<p>Confira a nota oficial do Real Bras\u00edlia.<\/p>\n\n\n\n<p><em>Na manh\u00e3 deste domingo, em comum acordo entre diretoria e treinador, ficou acertado que Ricardo Ant\u00f4nio n\u00e3o comanda mais a equipe do Real Bras\u00edlia Futebol Clube. A decis\u00e3o foi tomada ap\u00f3s o t\u00e9cnico expor a necessidade de precisar atender a assuntos de ordem pessoal.<\/em> <\/p>\n\n\n\n<p><em>Ricardo retornar\u00e1 para casa, onde vai realizar alguns exames m\u00e9dicos. O profissional agradeceu a oportunidade e deixa claro que foi uma honra trabalhar no clube, mesmo que por um per\u00edodo curto. &#8220;\u00c9 uma agremia\u00e7\u00e3o que tem tudo para crescer cada vez mais. Pois no momento preciso focar no meu lado pessoal e decidi dar espa\u00e7o a outro que venha para somar&#8221;, enfatizou.<\/em><\/p>\n\n\n\n<p><em>Em contrapartida, o Real, em nome de toda a diretoria, tamb\u00e9m agradece ao &#8220;professor&#8221; como \u00e9 carinhosamente aclamado por todos. O presidente e os diretores desejam excelente jornada daqui por diante e torcem pelo que for de melhor \u00e0 Ricardo Ant\u00f4nio.<\/em><\/p>\n","protected":false},"excerpt":{"rendered":"<p>O Real Bras\u00edlia comunicou, na manh\u00e3 deste domingo (19), a sa\u00edda do Ricardo Ant\u00f4nio do comando da equipe candanga. O t\u00e9cnico, que foi contratado em outubro de 2019, acertou a sa\u00edda com a diretoria devido a problemas pessoais. No entanto, nos bastidores, especula-se que a sa\u00edda de Ricardo foi motivada tamb\u00e9m pelos resultados adversos do [&hellip;]<\/p>\n","protected":false},"author":37,"featured_media":12772,"comment_status":"open","ping_status":"closed","sticky":false,"template":"","format":"standard","meta":{"footnotes":""},"categories":[8],"tags":[],"class_list":["post-12771","post","type-post","status-publish","format-standard","has-post-thumbnail","hentry","category-futebol"],"_links":{"self":[{"href":"https:\/\/www.esportesbrasilia.com.br\/noticias\/wp-json\/wp\/v2\/posts\/12771","targetHints":{"allow":["GET"]}}],"collection":[{"href":"https:\/\/www.esportesbrasilia.com.br\/noticias\/wp-json\/wp\/v2\/posts"}],"about":[{"href":"https:\/\/www.esportesbrasilia.com.br\/noticias\/wp-json\/wp\/v2\/types\/post"}],"author":[{"embeddable":true,"href":"https:\/\/www.esportesbrasilia.com.br\/noticias\/wp-json\/wp\/v2\/users\/37"}],"replies":[{"embeddable":true,"href":"https:\/\/www.esportesbrasilia.com.br\/noticias\/wp-json\/wp\/v2\/comments?post=12771"}],"version-history":[{"count":2,"href":"https:\/\/www.esportesbrasilia.com.br\/noticias\/wp-json\/wp\/v2\/posts\/12771\/revisions"}],"predecessor-version":[{"id":12774,"href":"https:\/\/www.esportesbrasilia.com.br\/noticias\/wp-json\/wp\/v2\/posts\/12771\/revisions\/12774"}],"wp:featuredmedia":[{"embeddable":true,"href":"https:\/\/www.esportesbrasilia.com.br\/noticias\/wp-json\/wp\/v2\/media\/12772"}],"wp:attachment":[{"href":"https:\/\/www.esportesbrasilia.com.br\/noticias\/wp-json\/wp\/v2\/media?parent=12771"}],"wp:term":[{"taxonomy":"category","embeddable":true,"href":"https:\/\/www.esportesbrasilia.com.br\/noticias\/wp-json\/wp\/v2\/categories?post=12771"},{"taxonomy":"post_tag","embeddable":true,"href":"https:\/\/www.esportesbrasilia.com.br\/noticias\/wp-json\/wp\/v2\/tags?post=12771"}],"curies":[{"name":"wp","href":"https:\/\/api.w.org\/{rel}","templated":true}]}}