{"id":12647,"date":"2020-01-09T18:06:14","date_gmt":"2020-01-09T21:06:14","guid":{"rendered":"http:\/\/www.esportesbrasilia.com.br\/noticias\/?p=12647"},"modified":"2020-01-09T18:06:17","modified_gmt":"2020-01-09T21:06:17","slug":"primo-de-gabriel-jesus-e-artilheiro-da-segundinha-se-prepara-para-disputar-o-candangao-pelo-unai","status":"publish","type":"post","link":"https:\/\/www.esportesbrasilia.com.br\/noticias\/futebol\/primo-de-gabriel-jesus-e-artilheiro-da-segundinha-se-prepara-para-disputar-o-candangao-pelo-unai.html","title":{"rendered":"Primo de Gabriel Jesus e artilheiro da segundinha se prepara para disputar o Candang\u00e3o pelo Una\u00ed"},"content":{"rendered":"\n<p>O atacante Guibson, tamb\u00e9m conhecido como Guibagol, est\u00e1 treinando pelo Una\u00ed Esporte, equipe da elite do futebol de Bras\u00edlia. Apesar de chamado para integrar o elenco da equipe e participar dos amistosos &#8211; ele esteve em campo na derrota por 2&#215;0 para o URT\/MG na \u00faltima semana -, a diretoria ainda n\u00e3o confirmou a contrata\u00e7\u00e3o do jogador.<\/p>\n\n\n\n<p>&#8220;Ainda estamos avaliando a situa\u00e7\u00e3o, mas estamos de olho no desempenho dele para saber se vamos contrat\u00e1-lo ou n\u00e3o&#8221;, disse Elias Andrade, presidente do Una\u00ed, \u00e0 reportagem da Esportes Bras\u00edlia.<\/p>\n\n\n\n<p>Primo do jogador brasileiro mais valioso na atualidade &#8211; Gabriel Jesus -, Guibagol foi o artilheiro da segunda divis\u00e3o de 2019 com sete gols, jogando pelo Samambaense. Apesar do bom desempenho, a equipe ficou em oitavo lugar entre os dez concorrentes ao acesso.<\/p>\n\n\n\n<p>A reportagem da EB fez uma pesquisa no Boletim Informativo Di\u00e1rio (BID) da CBF e, desde o m\u00eas de dezembro, o Una\u00ed, que recentemente passou por uma pol\u00eamica volta \u00e0 antiga cidade, n\u00e3o registrou nenhum jogador. Vale lembrar que \u00e9 necess\u00e1rio ser regularizado no BID para disputar jogos oficiais a um dia da partida de estreia.<\/p>\n\n\n\n<p>A largada do Una\u00ed no Candang\u00e3o 2020 ser\u00e1 diante do Ceil\u00e2ndia, no dia 25 de outubro, no est\u00e1dio Urbano Adjuto.<\/p>\n","protected":false},"excerpt":{"rendered":"<p>O atacante Guibson, tamb\u00e9m conhecido como Guibagol, est\u00e1 treinando pelo Una\u00ed Esporte, equipe da elite do futebol de Bras\u00edlia. Apesar de chamado para integrar o elenco da equipe e participar dos amistosos &#8211; ele esteve em campo na derrota por 2&#215;0 para o URT\/MG na \u00faltima semana -, a diretoria ainda n\u00e3o confirmou a contrata\u00e7\u00e3o [&hellip;]<\/p>\n","protected":false},"author":37,"featured_media":12201,"comment_status":"open","ping_status":"closed","sticky":false,"template":"","format":"standard","meta":{"footnotes":""},"categories":[8],"tags":[],"class_list":["post-12647","post","type-post","status-publish","format-standard","has-post-thumbnail","hentry","category-futebol"],"_links":{"self":[{"href":"https:\/\/www.esportesbrasilia.com.br\/noticias\/wp-json\/wp\/v2\/posts\/12647","targetHints":{"allow":["GET"]}}],"collection":[{"href":"https:\/\/www.esportesbrasilia.com.br\/noticias\/wp-json\/wp\/v2\/posts"}],"about":[{"href":"https:\/\/www.esportesbrasilia.com.br\/noticias\/wp-json\/wp\/v2\/types\/post"}],"author":[{"embeddable":true,"href":"https:\/\/www.esportesbrasilia.com.br\/noticias\/wp-json\/wp\/v2\/users\/37"}],"replies":[{"embeddable":true,"href":"https:\/\/www.esportesbrasilia.com.br\/noticias\/wp-json\/wp\/v2\/comments?post=12647"}],"version-history":[{"count":1,"href":"https:\/\/www.esportesbrasilia.com.br\/noticias\/wp-json\/wp\/v2\/posts\/12647\/revisions"}],"predecessor-version":[{"id":12648,"href":"https:\/\/www.esportesbrasilia.com.br\/noticias\/wp-json\/wp\/v2\/posts\/12647\/revisions\/12648"}],"wp:featuredmedia":[{"embeddable":true,"href":"https:\/\/www.esportesbrasilia.com.br\/noticias\/wp-json\/wp\/v2\/media\/12201"}],"wp:attachment":[{"href":"https:\/\/www.esportesbrasilia.com.br\/noticias\/wp-json\/wp\/v2\/media?parent=12647"}],"wp:term":[{"taxonomy":"category","embeddable":true,"href":"https:\/\/www.esportesbrasilia.com.br\/noticias\/wp-json\/wp\/v2\/categories?post=12647"},{"taxonomy":"post_tag","embeddable":true,"href":"https:\/\/www.esportesbrasilia.com.br\/noticias\/wp-json\/wp\/v2\/tags?post=12647"}],"curies":[{"name":"wp","href":"https:\/\/api.w.org\/{rel}","templated":true}]}}