{"id":12455,"date":"2019-12-09T13:59:09","date_gmt":"2019-12-09T16:59:09","guid":{"rendered":"http:\/\/www.esportesbrasilia.com.br\/noticias\/?p=12455"},"modified":"2019-12-09T13:59:12","modified_gmt":"2019-12-09T16:59:12","slug":"verdao-mineiro-tera-parceiro-paulista-no-candangao-2020","status":"publish","type":"post","link":"https:\/\/www.esportesbrasilia.com.br\/noticias\/futebol\/verdao-mineiro-tera-parceiro-paulista-no-candangao-2020.html","title":{"rendered":"Verd\u00e3o mineiro ter\u00e1 parceiro paulista no Candang\u00e3o 2020"},"content":{"rendered":"\n<p>A diretoria do Una\u00ed foi atr\u00e1s de refor\u00e7os para a disputa do Candang\u00e3o 2020. A equipe, que volta a uma competi\u00e7\u00e3o local depois de cinco anos, ter\u00e1 Rubio Guerra como treinador. Em busca de trazer bons nomes para o time, o Una\u00ed firmou uma parceria com o Gr\u00eamio Novorizontino\/SP.<\/p>\n\n\n\n<p>A parceria foi selada na \u00faltima semana e divulgada nas redes sociais do time mineiro nesta semana. Os atletas devem ser apresentados de maneira oficial somente no dia 27 de dezembro, data do evento em Una\u00ed.<\/p>\n\n\n\n<p>O presidente do Una\u00ed, Elias Andrade, explicou como ser\u00e1 concretizada a parceria. &#8220;Fomos bem recebidos pela comiss\u00e3o t\u00e9cnica e diretores l\u00e1 em S\u00e3o Paulo e ficou acertado que vir\u00e3o quatro a cinco jogadores de l\u00e1 para o Una\u00ed. Al\u00e9m disso, os jogadores daqui que interessarem a eles, seja na categoria profissional ou juvenil, eles ter\u00e3o prefer\u00eancia no empr\u00e9stimo&#8221;, disse \u00e0 reportagem da <strong>Esportes Bras\u00edlia<\/strong>.<\/p>\n\n\n\n<p>O dirigente ainda n\u00e3o revelou nenhum dos nomes contratados para a temporada 2020. &#8220;Prefiro n\u00e3o dizer ainda para n\u00e3o atrapalhar as negocia\u00e7\u00f5es. Os melhores atletas ainda v\u00e3o chegar ao clube&#8221;, contou Elias \u00e0 <strong>EB<\/strong>.<\/p>\n\n\n\n<p>A estreia do Una\u00ed ser\u00e1 diante do Ceil\u00e2ndia, no dia 26 de janeiro, no est\u00e1dio Urbano Adjuto, em Una\u00ed\/MG.<\/p>\n","protected":false},"excerpt":{"rendered":"<p>A diretoria do Una\u00ed foi atr\u00e1s de refor\u00e7os para a disputa do Candang\u00e3o 2020. A equipe, que volta a uma competi\u00e7\u00e3o local depois de cinco anos, ter\u00e1 Rubio Guerra como treinador. Em busca de trazer bons nomes para o time, o Una\u00ed firmou uma parceria com o Gr\u00eamio Novorizontino\/SP. A parceria foi selada na \u00faltima [&hellip;]<\/p>\n","protected":false},"author":2,"featured_media":12201,"comment_status":"open","ping_status":"closed","sticky":false,"template":"","format":"standard","meta":{"footnotes":""},"categories":[8],"tags":[],"class_list":["post-12455","post","type-post","status-publish","format-standard","has-post-thumbnail","hentry","category-futebol"],"_links":{"self":[{"href":"https:\/\/www.esportesbrasilia.com.br\/noticias\/wp-json\/wp\/v2\/posts\/12455","targetHints":{"allow":["GET"]}}],"collection":[{"href":"https:\/\/www.esportesbrasilia.com.br\/noticias\/wp-json\/wp\/v2\/posts"}],"about":[{"href":"https:\/\/www.esportesbrasilia.com.br\/noticias\/wp-json\/wp\/v2\/types\/post"}],"author":[{"embeddable":true,"href":"https:\/\/www.esportesbrasilia.com.br\/noticias\/wp-json\/wp\/v2\/users\/2"}],"replies":[{"embeddable":true,"href":"https:\/\/www.esportesbrasilia.com.br\/noticias\/wp-json\/wp\/v2\/comments?post=12455"}],"version-history":[{"count":1,"href":"https:\/\/www.esportesbrasilia.com.br\/noticias\/wp-json\/wp\/v2\/posts\/12455\/revisions"}],"predecessor-version":[{"id":12456,"href":"https:\/\/www.esportesbrasilia.com.br\/noticias\/wp-json\/wp\/v2\/posts\/12455\/revisions\/12456"}],"wp:featuredmedia":[{"embeddable":true,"href":"https:\/\/www.esportesbrasilia.com.br\/noticias\/wp-json\/wp\/v2\/media\/12201"}],"wp:attachment":[{"href":"https:\/\/www.esportesbrasilia.com.br\/noticias\/wp-json\/wp\/v2\/media?parent=12455"}],"wp:term":[{"taxonomy":"category","embeddable":true,"href":"https:\/\/www.esportesbrasilia.com.br\/noticias\/wp-json\/wp\/v2\/categories?post=12455"},{"taxonomy":"post_tag","embeddable":true,"href":"https:\/\/www.esportesbrasilia.com.br\/noticias\/wp-json\/wp\/v2\/tags?post=12455"}],"curies":[{"name":"wp","href":"https:\/\/api.w.org\/{rel}","templated":true}]}}