{"id":12453,"date":"2019-12-08T08:41:00","date_gmt":"2019-12-08T11:41:00","guid":{"rendered":"http:\/\/www.esportesbrasilia.com.br\/noticias\/?p=12453"},"modified":"2019-12-08T00:51:52","modified_gmt":"2019-12-08T03:51:52","slug":"time-feminino-do-brasilia-volei-leva-a-copa-brasilia-anapolis-vence-no-masculino","status":"publish","type":"post","link":"https:\/\/www.esportesbrasilia.com.br\/noticias\/volei\/time-feminino-do-brasilia-volei-leva-a-copa-brasilia-anapolis-vence-no-masculino.html","title":{"rendered":"Time feminino do Bras\u00edlia V\u00f4lei leva a Copa Bras\u00edlia. An\u00e1polis vence no masculino"},"content":{"rendered":"\n<p>Acabou neste s\u00e1bado (07) a Copa Bras\u00edlia de v\u00f4lei, que serviu para prepara\u00e7\u00e3o das atletas do Bras\u00edlia V\u00f4lei, na categoria masculino e feminino, visando a Superliga B da modalidade.<\/p>\n\n\n\n<p>O time feminino do Bras\u00edlia V\u00f4lei sagrou-se campe\u00e3o da competi\u00e7\u00e3o ao vencer a sele\u00e7\u00e3o do Egito, neste s\u00e1bado, por 3&#215;0. Na sexta-feira, as candangas bateram a equipe de Franca\/SP por 3 sets a 1. J\u00e1 na largada da competi\u00e7\u00e3o, na \u00faltima quinta-feira, a vit\u00f3ria foi de 3&#215;0 frente \u00e0 UPIS.<\/p>\n\n\n\n<figure class=\"wp-block-image size-large\"><img loading=\"lazy\" decoding=\"async\" width=\"960\" height=\"720\" src=\"https:\/\/www.esportesbrasilia.com.br\/noticias\/wp-content\/uploads\/brasiliavoleicampeao_div.jpg\" alt=\"\" class=\"wp-image-12452\" srcset=\"https:\/\/www.esportesbrasilia.com.br\/noticias\/wp-content\/uploads\/brasiliavoleicampeao_div.jpg 960w, https:\/\/www.esportesbrasilia.com.br\/noticias\/wp-content\/uploads\/brasiliavoleicampeao_div-300x225.jpg 300w, https:\/\/www.esportesbrasilia.com.br\/noticias\/wp-content\/uploads\/brasiliavoleicampeao_div-768x576.jpg 768w, https:\/\/www.esportesbrasilia.com.br\/noticias\/wp-content\/uploads\/brasiliavoleicampeao_div-80x60.jpg 80w, https:\/\/www.esportesbrasilia.com.br\/noticias\/wp-content\/uploads\/brasiliavoleicampeao_div-265x198.jpg 265w, https:\/\/www.esportesbrasilia.com.br\/noticias\/wp-content\/uploads\/brasiliavoleicampeao_div-696x522.jpg 696w, https:\/\/www.esportesbrasilia.com.br\/noticias\/wp-content\/uploads\/brasiliavoleicampeao_div-560x420.jpg 560w\" sizes=\"auto, (max-width: 960px) 100vw, 960px\" \/><figcaption><em>Meninas do Bras\u00edlia V\u00f4lei comemoram o t\u00edtulo invicto da Copa Bras\u00edlia &#8211; Foto: Divulga\u00e7\u00e3o\/Bras\u00edlia V\u00f4lei<\/em><\/figcaption><\/figure>\n\n\n\n<p>J\u00e1 a equipe masculina do Bras\u00edlia V\u00f4lei\/UPIS acabou derrotada por 3&#215;1 para o An\u00e1polis V\u00f4lei\/GO neste s\u00e1bado. Assim, o time goiano sagrou-se campe\u00e3o da competi\u00e7\u00e3o, com a terceira coloca\u00e7\u00e3o ficando com o Uberl\u00e2ndia\/MG.<\/p>\n\n\n\n<p>Vale lembrar que, na estreia, o An\u00e1polis venceu o Uberl\u00e2ndia por 3&#215;2. J\u00e1 o Bras\u00edlia V\u00f4lei\/UPIS bateu o time mineiro por 3&#215;0.<\/p>\n\n\n\n<p>Agora, as aten\u00e7\u00f5es dos times do Bras\u00edlia V\u00f4lei voltam-se para a Superliga B. A tabela da competi\u00e7\u00e3o ainda n\u00e3o foi divulgada, mas o torneio tem previs\u00e3o de in\u00edcio para fevereiro.<\/p>\n","protected":false},"excerpt":{"rendered":"<p>Acabou neste s\u00e1bado (07) a Copa Bras\u00edlia de v\u00f4lei, que serviu para prepara\u00e7\u00e3o das atletas do Bras\u00edlia V\u00f4lei, na categoria masculino e feminino, visando a Superliga B da modalidade. O time feminino do Bras\u00edlia V\u00f4lei sagrou-se campe\u00e3o da competi\u00e7\u00e3o ao vencer a sele\u00e7\u00e3o do Egito, neste s\u00e1bado, por 3&#215;0. Na sexta-feira, as candangas bateram a [&hellip;]<\/p>\n","protected":false},"author":2,"featured_media":12452,"comment_status":"open","ping_status":"closed","sticky":false,"template":"","format":"standard","meta":{"footnotes":""},"categories":[11],"tags":[],"class_list":["post-12453","post","type-post","status-publish","format-standard","has-post-thumbnail","hentry","category-volei"],"_links":{"self":[{"href":"https:\/\/www.esportesbrasilia.com.br\/noticias\/wp-json\/wp\/v2\/posts\/12453","targetHints":{"allow":["GET"]}}],"collection":[{"href":"https:\/\/www.esportesbrasilia.com.br\/noticias\/wp-json\/wp\/v2\/posts"}],"about":[{"href":"https:\/\/www.esportesbrasilia.com.br\/noticias\/wp-json\/wp\/v2\/types\/post"}],"author":[{"embeddable":true,"href":"https:\/\/www.esportesbrasilia.com.br\/noticias\/wp-json\/wp\/v2\/users\/2"}],"replies":[{"embeddable":true,"href":"https:\/\/www.esportesbrasilia.com.br\/noticias\/wp-json\/wp\/v2\/comments?post=12453"}],"version-history":[{"count":1,"href":"https:\/\/www.esportesbrasilia.com.br\/noticias\/wp-json\/wp\/v2\/posts\/12453\/revisions"}],"predecessor-version":[{"id":12454,"href":"https:\/\/www.esportesbrasilia.com.br\/noticias\/wp-json\/wp\/v2\/posts\/12453\/revisions\/12454"}],"wp:featuredmedia":[{"embeddable":true,"href":"https:\/\/www.esportesbrasilia.com.br\/noticias\/wp-json\/wp\/v2\/media\/12452"}],"wp:attachment":[{"href":"https:\/\/www.esportesbrasilia.com.br\/noticias\/wp-json\/wp\/v2\/media?parent=12453"}],"wp:term":[{"taxonomy":"category","embeddable":true,"href":"https:\/\/www.esportesbrasilia.com.br\/noticias\/wp-json\/wp\/v2\/categories?post=12453"},{"taxonomy":"post_tag","embeddable":true,"href":"https:\/\/www.esportesbrasilia.com.br\/noticias\/wp-json\/wp\/v2\/tags?post=12453"}],"curies":[{"name":"wp","href":"https:\/\/api.w.org\/{rel}","templated":true}]}}