{"id":12445,"date":"2019-12-07T12:47:20","date_gmt":"2019-12-07T15:47:20","guid":{"rendered":"http:\/\/www.esportesbrasilia.com.br\/noticias\/?p=12445"},"modified":"2019-12-07T16:07:20","modified_gmt":"2019-12-07T19:07:20","slug":"chapa-unica-concorrera-a-presidencia-da-ffdf","status":"publish","type":"post","link":"https:\/\/www.esportesbrasilia.com.br\/noticias\/futebol\/chapa-unica-concorrera-a-presidencia-da-ffdf.html","title":{"rendered":"Chapa \u00fanica concorrer\u00e1 a presid\u00eancia da FFDF"},"content":{"rendered":"\n<p>A comiss\u00e3o do processo eleitoral da FFDF na gest\u00e3o 2020\/2024 recebeu a inscri\u00e7\u00e3o de apenas uma chapa para as elei\u00e7\u00f5es da entidade m\u00e1xima do futebol candango.<\/p>\n\n\n\n<p>O pleito, marcado para o dia 20 de dezembro, ter\u00e1 apenas a chapa &#8220;Novos Tempos&#8221; encabe\u00e7ada pelo atual presidente, Daniel Vasconcelos, concorrendo \u00e0 reelei\u00e7\u00e3o.<\/p>\n\n\n\n<p>Ao lado de Daniel, estar\u00e3o o ex-presidente do Formosa Esporte, Cacildo Caciano no cargo de primeiro vice-presidente, e o dirigente do Ceilandense, Marcelo Alves, como segundo vice-presidente.<\/p>\n\n\n\n<p>O Conselho Fiscal ser\u00e1 formado pelos titulares Ademar Greg\u00f3rio, R\u00f4mulo Azevedo e Paulo Hoff, que tamb\u00e9m \u00e9 conselheiro fiscal da Seguros BRB. Os suplentes ser\u00e3o Tiago Machado e Ivan Tomaz, que fizeram parte em anos anteriores, da diretoria da Associa\u00e7\u00e3o Atl\u00e9tica Luzi\u00e2nia.<\/p>\n\n\n\n<p>&#8220;A \u00fanica coisa que restaria seria algum laudo, alguma coisa que algu\u00e9m pudesse contestar, mas em quest\u00e3o de certid\u00f5es, est\u00e1 tudo correto. Ser\u00e1 uma elei\u00e7\u00e3o com chapa \u00fanica&#8221;, explicou Edmilson Mar\u00e7al, presidente do Taguatinga e da comiss\u00e3o eleitoral.<\/p>\n\n\n\n<p>Vale lembrar que a nova gest\u00e3o tomar\u00e1 posse em 31 de outubro de 2020. A atual gest\u00e3o ainda vigora at\u00e9 o dia 30 de outubro do pr\u00f3ximo ano.<\/p>\n","protected":false},"excerpt":{"rendered":"<p>A comiss\u00e3o do processo eleitoral da FFDF na gest\u00e3o 2020\/2024 recebeu a inscri\u00e7\u00e3o de apenas uma chapa para as elei\u00e7\u00f5es da entidade m\u00e1xima do futebol candango. O pleito, marcado para o dia 20 de dezembro, ter\u00e1 apenas a chapa &#8220;Novos Tempos&#8221; encabe\u00e7ada pelo atual presidente, Daniel Vasconcelos, concorrendo \u00e0 reelei\u00e7\u00e3o. Ao lado de Daniel, estar\u00e3o [&hellip;]<\/p>\n","protected":false},"author":2,"featured_media":12446,"comment_status":"open","ping_status":"closed","sticky":false,"template":"","format":"standard","meta":{"footnotes":""},"categories":[8],"tags":[],"class_list":["post-12445","post","type-post","status-publish","format-standard","has-post-thumbnail","hentry","category-futebol"],"_links":{"self":[{"href":"https:\/\/www.esportesbrasilia.com.br\/noticias\/wp-json\/wp\/v2\/posts\/12445","targetHints":{"allow":["GET"]}}],"collection":[{"href":"https:\/\/www.esportesbrasilia.com.br\/noticias\/wp-json\/wp\/v2\/posts"}],"about":[{"href":"https:\/\/www.esportesbrasilia.com.br\/noticias\/wp-json\/wp\/v2\/types\/post"}],"author":[{"embeddable":true,"href":"https:\/\/www.esportesbrasilia.com.br\/noticias\/wp-json\/wp\/v2\/users\/2"}],"replies":[{"embeddable":true,"href":"https:\/\/www.esportesbrasilia.com.br\/noticias\/wp-json\/wp\/v2\/comments?post=12445"}],"version-history":[{"count":2,"href":"https:\/\/www.esportesbrasilia.com.br\/noticias\/wp-json\/wp\/v2\/posts\/12445\/revisions"}],"predecessor-version":[{"id":12448,"href":"https:\/\/www.esportesbrasilia.com.br\/noticias\/wp-json\/wp\/v2\/posts\/12445\/revisions\/12448"}],"wp:featuredmedia":[{"embeddable":true,"href":"https:\/\/www.esportesbrasilia.com.br\/noticias\/wp-json\/wp\/v2\/media\/12446"}],"wp:attachment":[{"href":"https:\/\/www.esportesbrasilia.com.br\/noticias\/wp-json\/wp\/v2\/media?parent=12445"}],"wp:term":[{"taxonomy":"category","embeddable":true,"href":"https:\/\/www.esportesbrasilia.com.br\/noticias\/wp-json\/wp\/v2\/categories?post=12445"},{"taxonomy":"post_tag","embeddable":true,"href":"https:\/\/www.esportesbrasilia.com.br\/noticias\/wp-json\/wp\/v2\/tags?post=12445"}],"curies":[{"name":"wp","href":"https:\/\/api.w.org\/{rel}","templated":true}]}}