{"id":12437,"date":"2019-12-05T09:03:00","date_gmt":"2019-12-05T12:03:00","guid":{"rendered":"http:\/\/www.esportesbrasilia.com.br\/noticias\/?p=12437"},"modified":"2019-12-04T21:11:13","modified_gmt":"2019-12-05T00:11:13","slug":"lago-paranoa-recebe-competicao-de-vela-adaptada-neste-sabado","status":"publish","type":"post","link":"https:\/\/www.esportesbrasilia.com.br\/noticias\/esporteparalimpico\/lago-paranoa-recebe-competicao-de-vela-adaptada-neste-sabado.html","title":{"rendered":"Lago Parano\u00e1 recebe competi\u00e7\u00e3o de vela adaptada neste s\u00e1bado"},"content":{"rendered":"\n<p>Na semana alusiva ao Dia da Pessoa com Defici\u00eancia, o Lago Parano\u00e1 vai receber, no pr\u00f3ximo s\u00e1bado (07), a Regata Copa BRB de Vela Adaptada.<\/p>\n\n\n\n<p>A competi\u00e7\u00e3o \u00e9 voltada para pessoas com defici\u00eancia, e oito atletas disputar\u00e3o na Classe Hansa 2.3 e 303, nas categorias feminina e masculina em Bras\u00edlia, no Lago Parano\u00e1. A regata ter\u00e1 in\u00edcio \u00e0s 9h no Clube NIPO e tem a entrada franca.<\/p>\n\n\n\n<p>De acordo com o Presidente da Federa\u00e7\u00e3o Brasiliense de Vela Adaptada, Mauro Osorio, a vela adaptada se destaca pelo papel social na vida das pessoas com defici\u00eancia.<\/p>\n\n\n\n<p>\u201cAs atividades realizadas no Projeto Vela Para Todos tem coroado um grande trabalho de inclus\u00e3o e os atletas t\u00eam participado de competi\u00e7\u00f5es nacionais e internacionais, al\u00e9m dos ganhos pessoais, em melhoria da qualidade da vida, equil\u00edbrio motor e supera\u00e7\u00e3o nas atividades da vida di\u00e1ria. Esse esporte tem transformado vidas\u201d, comenta. <\/p>\n\n\n\n<p><strong>Servi\u00e7o<\/strong><br>Regata Copa BRB de Vela Adaptada<br> Hor\u00e1rio: 9h \u00e0s 12h<br> Endere\u00e7o: Setor de Clubes Esportivos Sul Trecho 1 Lote 1, Asa Sul, Bras\u00edlia \u2013 DF<br> Entrada Franca<\/p>\n","protected":false},"excerpt":{"rendered":"<p>Na semana alusiva ao Dia da Pessoa com Defici\u00eancia, o Lago Parano\u00e1 vai receber, no pr\u00f3ximo s\u00e1bado (07), a Regata Copa BRB de Vela Adaptada. A competi\u00e7\u00e3o \u00e9 voltada para pessoas com defici\u00eancia, e oito atletas disputar\u00e3o na Classe Hansa 2.3 e 303, nas categorias feminina e masculina em Bras\u00edlia, no Lago Parano\u00e1. A regata [&hellip;]<\/p>\n","protected":false},"author":1,"featured_media":12438,"comment_status":"open","ping_status":"closed","sticky":false,"template":"","format":"standard","meta":{"footnotes":""},"categories":[30],"tags":[],"class_list":["post-12437","post","type-post","status-publish","format-standard","has-post-thumbnail","hentry","category-esporteparalimpico"],"_links":{"self":[{"href":"https:\/\/www.esportesbrasilia.com.br\/noticias\/wp-json\/wp\/v2\/posts\/12437","targetHints":{"allow":["GET"]}}],"collection":[{"href":"https:\/\/www.esportesbrasilia.com.br\/noticias\/wp-json\/wp\/v2\/posts"}],"about":[{"href":"https:\/\/www.esportesbrasilia.com.br\/noticias\/wp-json\/wp\/v2\/types\/post"}],"author":[{"embeddable":true,"href":"https:\/\/www.esportesbrasilia.com.br\/noticias\/wp-json\/wp\/v2\/users\/1"}],"replies":[{"embeddable":true,"href":"https:\/\/www.esportesbrasilia.com.br\/noticias\/wp-json\/wp\/v2\/comments?post=12437"}],"version-history":[{"count":1,"href":"https:\/\/www.esportesbrasilia.com.br\/noticias\/wp-json\/wp\/v2\/posts\/12437\/revisions"}],"predecessor-version":[{"id":12439,"href":"https:\/\/www.esportesbrasilia.com.br\/noticias\/wp-json\/wp\/v2\/posts\/12437\/revisions\/12439"}],"wp:featuredmedia":[{"embeddable":true,"href":"https:\/\/www.esportesbrasilia.com.br\/noticias\/wp-json\/wp\/v2\/media\/12438"}],"wp:attachment":[{"href":"https:\/\/www.esportesbrasilia.com.br\/noticias\/wp-json\/wp\/v2\/media?parent=12437"}],"wp:term":[{"taxonomy":"category","embeddable":true,"href":"https:\/\/www.esportesbrasilia.com.br\/noticias\/wp-json\/wp\/v2\/categories?post=12437"},{"taxonomy":"post_tag","embeddable":true,"href":"https:\/\/www.esportesbrasilia.com.br\/noticias\/wp-json\/wp\/v2\/tags?post=12437"}],"curies":[{"name":"wp","href":"https:\/\/api.w.org\/{rel}","templated":true}]}}