{"id":12407,"date":"2019-12-02T15:19:21","date_gmt":"2019-12-02T18:19:21","guid":{"rendered":"http:\/\/www.esportesbrasilia.com.br\/noticias\/?p=12407"},"modified":"2019-12-02T15:20:38","modified_gmt":"2019-12-02T18:20:38","slug":"capital-se-apresenta-querendo-surpreender-no-candangao-2020","status":"publish","type":"post","link":"https:\/\/www.esportesbrasilia.com.br\/noticias\/futebol\/capital-se-apresenta-querendo-surpreender-no-candangao-2020.html","title":{"rendered":"Capital se apresenta querendo surpreender no Candang\u00e3o 2020"},"content":{"rendered":"\n<p>O Capital se apresentou nesta segunda-feira (02), no Centro de Treinamento da Agepol, no Setor de Clubes Sul. O time realizou algumas mudan\u00e7as e se prepara para querer surpreender no Candang\u00e3o 2020.<\/p>\n\n\n\n<p>A equipe ser\u00e1 treinada por Luis Carlos Souza, que foi campe\u00e3o com o Bras\u00edlia na Copa Verde 2014. Na ger\u00eancia de futebol, o veterano Roberto Patu entra no lugar de Ademilton Pav\u00e3o.<\/p>\n\n\n\n<div class=\"wp-block-image\"><figure class=\"aligncenter size-large\"><img loading=\"lazy\" decoding=\"async\" width=\"1024\" height=\"683\" src=\"https:\/\/www.esportesbrasilia.com.br\/noticias\/wp-content\/uploads\/luiscarlossouza_michaelmelo_brasiliensefc-1024x683.jpg\" alt=\"\" class=\"wp-image-4707\" srcset=\"https:\/\/www.esportesbrasilia.com.br\/noticias\/wp-content\/uploads\/luiscarlossouza_michaelmelo_brasiliensefc-1024x683.jpg 1024w, https:\/\/www.esportesbrasilia.com.br\/noticias\/wp-content\/uploads\/luiscarlossouza_michaelmelo_brasiliensefc-300x200.jpg 300w, https:\/\/www.esportesbrasilia.com.br\/noticias\/wp-content\/uploads\/luiscarlossouza_michaelmelo_brasiliensefc-768x512.jpg 768w, https:\/\/www.esportesbrasilia.com.br\/noticias\/wp-content\/uploads\/luiscarlossouza_michaelmelo_brasiliensefc-696x464.jpg 696w, https:\/\/www.esportesbrasilia.com.br\/noticias\/wp-content\/uploads\/luiscarlossouza_michaelmelo_brasiliensefc-1068x712.jpg 1068w, https:\/\/www.esportesbrasilia.com.br\/noticias\/wp-content\/uploads\/luiscarlossouza_michaelmelo_brasiliensefc-630x420.jpg 630w, https:\/\/www.esportesbrasilia.com.br\/noticias\/wp-content\/uploads\/luiscarlossouza_michaelmelo_brasiliensefc.jpg 1171w\" sizes=\"auto, (max-width: 1024px) 100vw, 1024px\" \/><figcaption><em>Luis Carlos Souza ser\u00e1 o t\u00e9cnico do Capital no Candang\u00e3o 2020 &#8211; Foto: Michael Melo\/Metr\u00f3poles<\/em><\/figcaption><\/figure><\/div>\n\n\n\n<p>No elenco, alguns nomes conhecidos do futebol candango, como os arqueiros Luan (ex-Taguatinga) e Michael (ex-Ceilandense), o zagueiro Ded\u00e9 (ex-Luzi\u00e2nia), o meio-campo Willian (ex-Ceilandense) e os atacantes Gazito (ex-Bras\u00edlia) e Felipe Tanque (ex-Luzi\u00e2nia).<\/p>\n\n\n\n<p>O Capital estreia no Candang\u00e3o 2020 no dia 26 de janeiro, diante do vice-campe\u00e3o da Segundinha 2019, o Ceilandense.<\/p>\n\n\n\n<p>Conhe\u00e7a o elenco da Coruja para a pr\u00f3xima temporada:<\/p>\n\n\n\n<p><strong>Goleiros:<\/strong>&nbsp;Cleysson, Luan e Michael;<br><strong>Laterais:<\/strong>&nbsp;Nolasco, Romarinho, Rom\u00e1rio e Weverton;<br><strong>Zagueiros:<\/strong>&nbsp;Castro, Davi, Ded\u00e9, Juan Pablo e Medeiros;<br><strong>Volantes:<\/strong>&nbsp;Dudu, Fernando, Lucas Garcia, Maicom e Vini;<br><strong>Meio-campo:<\/strong>&nbsp;Igor, Lincoln, Matheus Rog\u00e9rio e William;<br><strong>Atacantes:<\/strong>&nbsp;Am\u00e9rico, Azul, D\u00e9, Felipe Tanque, Gazito, Leozynho, Luander, Victor Cruz e Yan.<\/p>\n","protected":false},"excerpt":{"rendered":"<p>O Capital se apresentou nesta segunda-feira (02), no Centro de Treinamento da Agepol, no Setor de Clubes Sul. O time realizou algumas mudan\u00e7as e se prepara para querer surpreender no Candang\u00e3o 2020. A equipe ser\u00e1 treinada por Luis Carlos Souza, que foi campe\u00e3o com o Bras\u00edlia na Copa Verde 2014. Na ger\u00eancia de futebol, o [&hellip;]<\/p>\n","protected":false},"author":2,"featured_media":8424,"comment_status":"open","ping_status":"closed","sticky":false,"template":"","format":"standard","meta":{"footnotes":""},"categories":[8],"tags":[],"class_list":["post-12407","post","type-post","status-publish","format-standard","has-post-thumbnail","hentry","category-futebol"],"_links":{"self":[{"href":"https:\/\/www.esportesbrasilia.com.br\/noticias\/wp-json\/wp\/v2\/posts\/12407","targetHints":{"allow":["GET"]}}],"collection":[{"href":"https:\/\/www.esportesbrasilia.com.br\/noticias\/wp-json\/wp\/v2\/posts"}],"about":[{"href":"https:\/\/www.esportesbrasilia.com.br\/noticias\/wp-json\/wp\/v2\/types\/post"}],"author":[{"embeddable":true,"href":"https:\/\/www.esportesbrasilia.com.br\/noticias\/wp-json\/wp\/v2\/users\/2"}],"replies":[{"embeddable":true,"href":"https:\/\/www.esportesbrasilia.com.br\/noticias\/wp-json\/wp\/v2\/comments?post=12407"}],"version-history":[{"count":2,"href":"https:\/\/www.esportesbrasilia.com.br\/noticias\/wp-json\/wp\/v2\/posts\/12407\/revisions"}],"predecessor-version":[{"id":12409,"href":"https:\/\/www.esportesbrasilia.com.br\/noticias\/wp-json\/wp\/v2\/posts\/12407\/revisions\/12409"}],"wp:featuredmedia":[{"embeddable":true,"href":"https:\/\/www.esportesbrasilia.com.br\/noticias\/wp-json\/wp\/v2\/media\/8424"}],"wp:attachment":[{"href":"https:\/\/www.esportesbrasilia.com.br\/noticias\/wp-json\/wp\/v2\/media?parent=12407"}],"wp:term":[{"taxonomy":"category","embeddable":true,"href":"https:\/\/www.esportesbrasilia.com.br\/noticias\/wp-json\/wp\/v2\/categories?post=12407"},{"taxonomy":"post_tag","embeddable":true,"href":"https:\/\/www.esportesbrasilia.com.br\/noticias\/wp-json\/wp\/v2\/tags?post=12407"}],"curies":[{"name":"wp","href":"https:\/\/api.w.org\/{rel}","templated":true}]}}