{"id":12288,"date":"2019-11-13T13:51:15","date_gmt":"2019-11-13T16:51:15","guid":{"rendered":"http:\/\/www.esportesbrasilia.com.br\/noticias\/?p=12288"},"modified":"2019-11-13T13:52:59","modified_gmt":"2019-11-13T16:52:59","slug":"taguatinga-anuncia-primeiros-reforcos-para-o-candangao-2020","status":"publish","type":"post","link":"https:\/\/www.esportesbrasilia.com.br\/noticias\/futebol\/taguatinga-anuncia-primeiros-reforcos-para-o-candangao-2020.html","title":{"rendered":"Taguatinga anuncia primeiros refor\u00e7os para o Candang\u00e3o 2020"},"content":{"rendered":"\n<p>O Taguatinga Esporte Clube quer fazer um campeonato local melhor do que 2019. A ave branca terminou o Candang\u00e3o 2019 na d\u00e9cima posi\u00e7\u00e3o, \u00e0 beira da zona de rebaixamento.<\/p>\n\n\n\n<p>Agora, o time comandado por Junior Almeida come\u00e7a a montar o elenco visando a pr\u00f3xima temporada para fazer bonito na competi\u00e7\u00e3o.<\/p>\n\n\n\n<p>Para tanto, o TEC anunciou os tr\u00eas primeiros refor\u00e7os: o zagueiro Daniel Felipe, que estava no Capital, o goleiro Diogo, que atuou pelo Taguatinga na temporada 2019 e estava no Samambaia, e o atacante L\u00e9o Veloso, que jogou a Segundinha 2019 pelo Botafogo-DF.<\/p>\n\n\n\n<figure class=\"wp-block-image\"><img loading=\"lazy\" decoding=\"async\" width=\"1024\" height=\"594\" src=\"https:\/\/www.esportesbrasilia.com.br\/noticias\/wp-content\/uploads\/IMG-20190224-WA0142-1024x594.jpg\" alt=\"\" class=\"wp-image-10455\" srcset=\"https:\/\/www.esportesbrasilia.com.br\/noticias\/wp-content\/uploads\/IMG-20190224-WA0142-1024x594.jpg 1024w, https:\/\/www.esportesbrasilia.com.br\/noticias\/wp-content\/uploads\/IMG-20190224-WA0142-300x174.jpg 300w, https:\/\/www.esportesbrasilia.com.br\/noticias\/wp-content\/uploads\/IMG-20190224-WA0142-768x445.jpg 768w, https:\/\/www.esportesbrasilia.com.br\/noticias\/wp-content\/uploads\/IMG-20190224-WA0142-696x403.jpg 696w, https:\/\/www.esportesbrasilia.com.br\/noticias\/wp-content\/uploads\/IMG-20190224-WA0142-1068x619.jpg 1068w, https:\/\/www.esportesbrasilia.com.br\/noticias\/wp-content\/uploads\/IMG-20190224-WA0142-725x420.jpg 725w, https:\/\/www.esportesbrasilia.com.br\/noticias\/wp-content\/uploads\/IMG-20190224-WA0142.jpg 1280w\" sizes=\"auto, (max-width: 1024px) 100vw, 1024px\" \/><figcaption>Diogo obteve 88% dos votos no pr\u00eamio Craque da Galera 2019 e permanece no Taguatinga para a temporada 2020 &#8211; Foto: Marco Ant\u00f4nio Tchefy\/Ag\u00eancia EB<\/figcaption><\/figure>\n\n\n\n<p>O Conselho Arbitral est\u00e1 confirmado para o pr\u00f3ximo dia 20 de novembro, onde ser\u00e3o definidas as configura\u00e7\u00f5es do Candang\u00e3o 2020.<\/p>\n","protected":false},"excerpt":{"rendered":"<p>O Taguatinga Esporte Clube quer fazer um campeonato local melhor do que 2019. A ave branca terminou o Candang\u00e3o 2019 na d\u00e9cima posi\u00e7\u00e3o, \u00e0 beira da zona de rebaixamento. Agora, o time comandado por Junior Almeida come\u00e7a a montar o elenco visando a pr\u00f3xima temporada para fazer bonito na competi\u00e7\u00e3o. Para tanto, o TEC anunciou [&hellip;]<\/p>\n","protected":false},"author":2,"featured_media":8433,"comment_status":"open","ping_status":"closed","sticky":false,"template":"","format":"standard","meta":{"footnotes":""},"categories":[8],"tags":[],"class_list":["post-12288","post","type-post","status-publish","format-standard","has-post-thumbnail","hentry","category-futebol"],"_links":{"self":[{"href":"https:\/\/www.esportesbrasilia.com.br\/noticias\/wp-json\/wp\/v2\/posts\/12288","targetHints":{"allow":["GET"]}}],"collection":[{"href":"https:\/\/www.esportesbrasilia.com.br\/noticias\/wp-json\/wp\/v2\/posts"}],"about":[{"href":"https:\/\/www.esportesbrasilia.com.br\/noticias\/wp-json\/wp\/v2\/types\/post"}],"author":[{"embeddable":true,"href":"https:\/\/www.esportesbrasilia.com.br\/noticias\/wp-json\/wp\/v2\/users\/2"}],"replies":[{"embeddable":true,"href":"https:\/\/www.esportesbrasilia.com.br\/noticias\/wp-json\/wp\/v2\/comments?post=12288"}],"version-history":[{"count":2,"href":"https:\/\/www.esportesbrasilia.com.br\/noticias\/wp-json\/wp\/v2\/posts\/12288\/revisions"}],"predecessor-version":[{"id":12290,"href":"https:\/\/www.esportesbrasilia.com.br\/noticias\/wp-json\/wp\/v2\/posts\/12288\/revisions\/12290"}],"wp:featuredmedia":[{"embeddable":true,"href":"https:\/\/www.esportesbrasilia.com.br\/noticias\/wp-json\/wp\/v2\/media\/8433"}],"wp:attachment":[{"href":"https:\/\/www.esportesbrasilia.com.br\/noticias\/wp-json\/wp\/v2\/media?parent=12288"}],"wp:term":[{"taxonomy":"category","embeddable":true,"href":"https:\/\/www.esportesbrasilia.com.br\/noticias\/wp-json\/wp\/v2\/categories?post=12288"},{"taxonomy":"post_tag","embeddable":true,"href":"https:\/\/www.esportesbrasilia.com.br\/noticias\/wp-json\/wp\/v2\/tags?post=12288"}],"curies":[{"name":"wp","href":"https:\/\/api.w.org\/{rel}","templated":true}]}}