{"id":12274,"date":"2019-11-08T13:20:32","date_gmt":"2019-11-08T16:20:32","guid":{"rendered":"http:\/\/www.esportesbrasilia.com.br\/noticias\/?p=12274"},"modified":"2021-07-30T16:41:53","modified_gmt":"2021-07-30T19:41:53","slug":"cerrado-basquete-disputara-brasileirao-de-basquete-em-2020-e-traz-melhor-tecnico-da-liga-ouro-2019","status":"publish","type":"post","link":"https:\/\/www.esportesbrasilia.com.br\/noticias\/basquete\/cerrado-basquete-disputara-brasileirao-de-basquete-em-2020-e-traz-melhor-tecnico-da-liga-ouro-2019.html","title":{"rendered":"Cerrado Basquete disputar\u00e1 Brasileir\u00e3o de basquete em 2020 e traz melhor t\u00e9cnico da Liga Ouro 2019"},"content":{"rendered":"\n<p>O Distrito Federal vai ter um representante na segunda divis\u00e3o do basquete brasileiro, pelo terceiro ano consecutivo. Desta vez, o Cerrado Basquete vai jogar o Campeonato Brasileiro de basquete, que ser\u00e1 disputado no lugar da Liga Ouro.<\/p>\n\n\n\n<p>A competi\u00e7\u00e3o ser\u00e1 organizada pela Confedera\u00e7\u00e3o Brasileira de Basquete e dar\u00e1 ao campe\u00e3o a possibilidade de entrar no Novo Basquete Brasil 2020\/2021.<\/p>\n\n\n\n<p>O Cerrado Basquete j\u00e1 participou duas vezes da Liga Ouro e quer fazer bonito em 2020. Na edi\u00e7\u00e3o de 2019, o time candango chegou \u00e0s quartas de final e foi eliminado pelo Unifacisa\/PB nos playoffs, terminando na quinta posi\u00e7\u00e3o. J\u00e1 em 2018, no primeiro ano de participa\u00e7\u00e3o, o time foi o lanterna da competi\u00e7\u00e3o.<\/p>\n\n\n\n<p>&#8220;A expectativa \u00e9 de ir mais alto. Viemos passo a passo construindo uma estrutura e uma marca com a cara da cidade, com pessoas da cidade desde a funda\u00e7\u00e3o ate as quadras. Aprendemos, melhoramos, e hoje, temos maturidade pra pensar em estar nas finais&#8221;, analisa o supervisor do Cerrado Basquete, Felipe Bretas.<\/p>\n\n\n\n<p>T\u00e9cnico na temporada 2019 da Liga Ouro, Ronaldo Pacheco assumir\u00e1 a ger\u00eancia t\u00e9cnica do time, onde agrega al\u00e9m da supervis\u00e3o dos n\u00facleos de forma\u00e7\u00e3o social, a categoria de base e o elenco profissional.<\/p>\n\n\n\n<p>&#8220;A gente precisa dele [Ronaldo] ajudando a pensar no macro e em todas as frentes do Cerrado no que diz a orienta\u00e7\u00e3o t\u00e9cnica. Importante que todo o Cerrado aprenda a jogar e se desenvolva com os conceitos modernos do basquete e fundamentos bem s\u00f3lidos. Ent\u00e3o, o Ronaldo Pacheco \u00e9 o cabe\u00e7a no que se pensar em parte t\u00e9cnica no Cerrado&#8221;, explica Bretas.<\/p>\n\n\n\n<p>Desta maneira, Bruno Lopes, eleito por dois anos consecutivos o melhor t\u00e9cnico da Liga Ouro, e que estava no Londrina Basquete, ser\u00e1 o novo treinador do Cerrado Basquete. Ao lado de Bruno, estar\u00e1 o auxiliar t\u00e9cnico Gabriel Millian, que trabalhou com Ronaldo em 2019 na Liga Ouro.<\/p>\n\n\n\n<figure class=\"wp-block-image\"><img loading=\"lazy\" decoding=\"async\" width=\"1024\" height=\"682\" src=\"https:\/\/www.esportesbrasilia.com.br\/noticias\/wp-content\/uploads\/brunolopes_lnb-1024x682.jpg\" alt=\"\" class=\"wp-image-12277\" srcset=\"https:\/\/www.esportesbrasilia.com.br\/noticias\/wp-content\/uploads\/brunolopes_lnb-1024x682.jpg 1024w, https:\/\/www.esportesbrasilia.com.br\/noticias\/wp-content\/uploads\/brunolopes_lnb-300x200.jpg 300w, https:\/\/www.esportesbrasilia.com.br\/noticias\/wp-content\/uploads\/brunolopes_lnb-768x512.jpg 768w, https:\/\/www.esportesbrasilia.com.br\/noticias\/wp-content\/uploads\/brunolopes_lnb-696x464.jpg 696w, https:\/\/www.esportesbrasilia.com.br\/noticias\/wp-content\/uploads\/brunolopes_lnb-1068x712.jpg 1068w, https:\/\/www.esportesbrasilia.com.br\/noticias\/wp-content\/uploads\/brunolopes_lnb-630x420.jpg 630w, https:\/\/www.esportesbrasilia.com.br\/noticias\/wp-content\/uploads\/brunolopes_lnb.jpg 1726w\" sizes=\"auto, (max-width: 1024px) 100vw, 1024px\" \/><figcaption>Bruno Lopes, ex-t\u00e9cnico do Londrina Basquete, ser\u00e1 o treinador do Cerrado Basquete no Brasileir\u00e3o 2020 da modalidade &#8211; Foto: Divulga\u00e7\u00e3o\/Londrina Basquete<\/figcaption><\/figure>\n\n\n\n<h3 class=\"wp-block-heading\">Brasileir\u00e3o 2020<\/h3>\n\n\n\n<p>Ao lado do Cerrado Basquete, outras 10 equipes demonstraram interesse \u00e0 CBB de participar do Brasileir\u00e3o, que come\u00e7ar\u00e1 em fevereiro de 2020. Estar\u00e3o disputando o certame quatro times do Paran\u00e1 (Campo Mour\u00e3o, Maring\u00e1, Ponta Grossa e S\u00e3o Jos\u00e9 dos Pinhais), quatro times de Santa Catarina (Blackstar, Blumenau, Brusque e Joinville), um de Minas (Praia Clube) e um de Goi\u00e1s (An\u00e1polis).<\/p>\n\n\n\n<p>Mais tr\u00eas equipes querem participar do Brasileir\u00e3o, mas ainda n\u00e3o bateram o martelo, caso de Liga Nordeste\/BA, Osasco\/SP e Tatu\u00ed\/SP. Elas t\u00eam dez dias para confirmar a participa\u00e7\u00e3o.<\/p>\n\n\n\n<figure class=\"wp-block-image\"><img loading=\"lazy\" decoding=\"async\" width=\"749\" height=\"562\" src=\"https:\/\/www.esportesbrasilia.com.br\/noticias\/wp-content\/uploads\/brasileirobasquete_div.jpg\" alt=\"\" class=\"wp-image-12275\" srcset=\"https:\/\/www.esportesbrasilia.com.br\/noticias\/wp-content\/uploads\/brasileirobasquete_div.jpg 749w, https:\/\/www.esportesbrasilia.com.br\/noticias\/wp-content\/uploads\/brasileirobasquete_div-300x225.jpg 300w, https:\/\/www.esportesbrasilia.com.br\/noticias\/wp-content\/uploads\/brasileirobasquete_div-80x60.jpg 80w, https:\/\/www.esportesbrasilia.com.br\/noticias\/wp-content\/uploads\/brasileirobasquete_div-265x198.jpg 265w, https:\/\/www.esportesbrasilia.com.br\/noticias\/wp-content\/uploads\/brasileirobasquete_div-696x522.jpg 696w, https:\/\/www.esportesbrasilia.com.br\/noticias\/wp-content\/uploads\/brasileirobasquete_div-560x420.jpg 560w\" sizes=\"auto, (max-width: 749px) 100vw, 749px\" \/><figcaption>Representantes das 15 equipes postulantes a participar do Campeonato Brasileiro de Basquete se reuniram na sede da CBB. Cerrado Basquete ser\u00e1 o representante do Distrito Federal &#8211; Foto: Divulga\u00e7\u00e3o\/CBB<\/figcaption><\/figure>\n\n\n\n<h3 class=\"wp-block-heading\">Pinheiros e Flamengo no Brasileir\u00e3o<\/h3>\n\n\n\n<p>As diretorias de Pinheiros\/SP e Flamengo\/RJ tamb\u00e9m informaram \u00e0 gest\u00e3o da CBB que querem estar no campeonato, mas com as equipes sub-20, para que possam dar rodagem aos jogadores. O prazo tamb\u00e9m ser\u00e1 o mesmo: dez dias.<\/p>\n\n\n\n<p>A tabela e o regulamento ser\u00e3o divulgados em breve pela CBB. Caso confirmem a participa\u00e7\u00e3o, ser\u00e1 a maior edi\u00e7\u00e3o do Campeonato Brasileiro dos \u00faltimos tempos.<\/p>\n","protected":false},"excerpt":{"rendered":"<p>O Distrito Federal vai ter um representante na segunda divis\u00e3o do basquete brasileiro, pelo terceiro ano consecutivo. Desta vez, o Cerrado Basquete vai jogar o Campeonato Brasileiro de basquete, que ser\u00e1 disputado no lugar da Liga Ouro. A competi\u00e7\u00e3o ser\u00e1 organizada pela Confedera\u00e7\u00e3o Brasileira de Basquete e dar\u00e1 ao campe\u00e3o a possibilidade de entrar no [&hellip;]<\/p>\n","protected":false},"author":2,"featured_media":7081,"comment_status":"closed","ping_status":"closed","sticky":false,"template":"","format":"standard","meta":{"footnotes":""},"categories":[12],"tags":[151],"class_list":["post-12274","post","type-post","status-publish","format-standard","has-post-thumbnail","hentry","category-basquete","tag-cerrado-basquete"],"_links":{"self":[{"href":"https:\/\/www.esportesbrasilia.com.br\/noticias\/wp-json\/wp\/v2\/posts\/12274","targetHints":{"allow":["GET"]}}],"collection":[{"href":"https:\/\/www.esportesbrasilia.com.br\/noticias\/wp-json\/wp\/v2\/posts"}],"about":[{"href":"https:\/\/www.esportesbrasilia.com.br\/noticias\/wp-json\/wp\/v2\/types\/post"}],"author":[{"embeddable":true,"href":"https:\/\/www.esportesbrasilia.com.br\/noticias\/wp-json\/wp\/v2\/users\/2"}],"replies":[{"embeddable":true,"href":"https:\/\/www.esportesbrasilia.com.br\/noticias\/wp-json\/wp\/v2\/comments?post=12274"}],"version-history":[{"count":2,"href":"https:\/\/www.esportesbrasilia.com.br\/noticias\/wp-json\/wp\/v2\/posts\/12274\/revisions"}],"predecessor-version":[{"id":12278,"href":"https:\/\/www.esportesbrasilia.com.br\/noticias\/wp-json\/wp\/v2\/posts\/12274\/revisions\/12278"}],"wp:featuredmedia":[{"embeddable":true,"href":"https:\/\/www.esportesbrasilia.com.br\/noticias\/wp-json\/wp\/v2\/media\/7081"}],"wp:attachment":[{"href":"https:\/\/www.esportesbrasilia.com.br\/noticias\/wp-json\/wp\/v2\/media?parent=12274"}],"wp:term":[{"taxonomy":"category","embeddable":true,"href":"https:\/\/www.esportesbrasilia.com.br\/noticias\/wp-json\/wp\/v2\/categories?post=12274"},{"taxonomy":"post_tag","embeddable":true,"href":"https:\/\/www.esportesbrasilia.com.br\/noticias\/wp-json\/wp\/v2\/tags?post=12274"}],"curies":[{"name":"wp","href":"https:\/\/api.w.org\/{rel}","templated":true}]}}