{"id":12256,"date":"2019-11-06T23:01:21","date_gmt":"2019-11-07T02:01:21","guid":{"rendered":"http:\/\/www.esportesbrasilia.com.br\/noticias\/?p=12256"},"modified":"2019-11-06T23:01:24","modified_gmt":"2019-11-07T02:01:24","slug":"duelo-europeu-vai-embalar-quartas-de-final-espanha-e-franca-estao-classificados","status":"publish","type":"post","link":"https:\/\/www.esportesbrasilia.com.br\/noticias\/futebol\/copadomundo2019\/duelo-europeu-vai-embalar-quartas-de-final-espanha-e-franca-estao-classificados.html","title":{"rendered":"Duelo europeu vai embalar quartas de final: Espanha e Fran\u00e7a est\u00e3o classificados"},"content":{"rendered":"\n<p>O est\u00e1dio da Serrinha, em Goi\u00e2nia, recebeu mais dois jogos pelas oitavas de final da Copa do Mundo da FIFA Sub-17. E os dois times que se classificaram para as quartas de final formar\u00e3o um duelo completamente europeu na pr\u00f3xima fase da competi\u00e7\u00e3o.<\/p>\n\n\n\n<p>No jogo da tarde, a Espanha recebeu a equipe de Senegal. Os europeus sa\u00edram na frente aos 27 minutos do primeiro tempo, com o gol marcado por Navarro.<\/p>\n\n\n\n<p>J\u00e1 aos 14 minutos da segunda etapa, Valera ampliou o placar para a Espanha. Aos 40 minutos, Souleymane descontou para o Senegal. O time africano foi em busca do empate para levar a decis\u00e3o para os p\u00eanaltis, mas os espanh\u00f3is apenas administraram o rel\u00f3gio e confirmaram a classifica\u00e7\u00e3o.<\/p>\n\n\n\n<figure class=\"wp-block-image\"><img loading=\"lazy\" decoding=\"async\" width=\"1024\" height=\"576\" src=\"https:\/\/www.esportesbrasilia.com.br\/noticias\/wp-content\/uploads\/espanhaxsenegal-1024x576.jpg\" alt=\"\" class=\"wp-image-12258\" srcset=\"https:\/\/www.esportesbrasilia.com.br\/noticias\/wp-content\/uploads\/espanhaxsenegal-1024x576.jpg 1024w, https:\/\/www.esportesbrasilia.com.br\/noticias\/wp-content\/uploads\/espanhaxsenegal-300x169.jpg 300w, https:\/\/www.esportesbrasilia.com.br\/noticias\/wp-content\/uploads\/espanhaxsenegal-768x432.jpg 768w, https:\/\/www.esportesbrasilia.com.br\/noticias\/wp-content\/uploads\/espanhaxsenegal-696x392.jpg 696w, https:\/\/www.esportesbrasilia.com.br\/noticias\/wp-content\/uploads\/espanhaxsenegal-1068x601.jpg 1068w, https:\/\/www.esportesbrasilia.com.br\/noticias\/wp-content\/uploads\/espanhaxsenegal-747x420.jpg 747w, https:\/\/www.esportesbrasilia.com.br\/noticias\/wp-content\/uploads\/espanhaxsenegal.jpg 1440w\" sizes=\"auto, (max-width: 1024px) 100vw, 1024px\" \/><figcaption>Espanha bateu Senegal por 2&#215;1 e est\u00e1 nas quartas de final da Copa do Mundo da FIFA Sub-17 &#8211; Foto: Getty Images\/FIFA<\/figcaption><\/figure>\n\n\n\n<p>No jogo de fundo, a Fran\u00e7a recebeu a Austr\u00e1lia e n\u00e3o tomou conhecimento dos &#8220;kangaroos&#8221;, goleando por 5&#215;0 e contando com uma atua\u00e7\u00e3o excepcional de Mbuku, que marcou tr\u00eas gols.<\/p>\n\n\n\n<p>Logo aos seis minutos de jogo, Mbuku abriu o placar para os europeus. Depois, os australianos foram para a press\u00e3o. Mas, a expuls\u00e3o de Mlinaric, complicou a situa\u00e7\u00e3o em campo. Enxergando isso, os franceses foram para cima.<\/p>\n\n\n\n<p>Aos 29, Mbuku marcou o segundo. Oito minutos depois, o pr\u00f3prio Mbuku fez o terceiro. Na reta final, aos 42, Millot fez o quarto e, nos acr\u00e9scimos, Rutter fechou o marcador a favor dos franceses.<\/p>\n\n\n\n<figure class=\"wp-block-image\"><img loading=\"lazy\" decoding=\"async\" width=\"1024\" height=\"576\" src=\"https:\/\/www.esportesbrasilia.com.br\/noticias\/wp-content\/uploads\/francaxaustralia-1-1024x576.jpg\" alt=\"\" class=\"wp-image-12257\" srcset=\"https:\/\/www.esportesbrasilia.com.br\/noticias\/wp-content\/uploads\/francaxaustralia-1-1024x576.jpg 1024w, https:\/\/www.esportesbrasilia.com.br\/noticias\/wp-content\/uploads\/francaxaustralia-1-300x169.jpg 300w, https:\/\/www.esportesbrasilia.com.br\/noticias\/wp-content\/uploads\/francaxaustralia-1-768x432.jpg 768w, https:\/\/www.esportesbrasilia.com.br\/noticias\/wp-content\/uploads\/francaxaustralia-1-696x392.jpg 696w, https:\/\/www.esportesbrasilia.com.br\/noticias\/wp-content\/uploads\/francaxaustralia-1-1068x601.jpg 1068w, https:\/\/www.esportesbrasilia.com.br\/noticias\/wp-content\/uploads\/francaxaustralia-1-747x420.jpg 747w, https:\/\/www.esportesbrasilia.com.br\/noticias\/wp-content\/uploads\/francaxaustralia-1.jpg 1440w\" sizes=\"auto, (max-width: 1024px) 100vw, 1024px\" \/><figcaption>Mbuku (11) fez tr\u00eas gols na goleada por 5&#215;0 e deu a vaga para a Fran\u00e7a nas quartas de final da competi\u00e7\u00e3o &#8211; Foto: Getty Images\/FIFA<\/figcaption><\/figure>\n\n\n\n<p>Espanha e Fran\u00e7a se enfrentam nas quartas de final no dia 11 de novembro, \u00e0s 16h30, no est\u00e1dio Ol\u00edmpico de Goi\u00e2nia.<\/p>\n","protected":false},"excerpt":{"rendered":"<p>O est\u00e1dio da Serrinha, em Goi\u00e2nia, recebeu mais dois jogos pelas oitavas de final da Copa do Mundo da FIFA Sub-17. E os dois times que se classificaram para as quartas de final formar\u00e3o um duelo completamente europeu na pr\u00f3xima fase da competi\u00e7\u00e3o. No jogo da tarde, a Espanha recebeu a equipe de Senegal. Os [&hellip;]<\/p>\n","protected":false},"author":2,"featured_media":12257,"comment_status":"open","ping_status":"closed","sticky":false,"template":"","format":"standard","meta":{"footnotes":""},"categories":[462],"tags":[],"class_list":["post-12256","post","type-post","status-publish","format-standard","has-post-thumbnail","hentry","category-copadomundo2019"],"_links":{"self":[{"href":"https:\/\/www.esportesbrasilia.com.br\/noticias\/wp-json\/wp\/v2\/posts\/12256","targetHints":{"allow":["GET"]}}],"collection":[{"href":"https:\/\/www.esportesbrasilia.com.br\/noticias\/wp-json\/wp\/v2\/posts"}],"about":[{"href":"https:\/\/www.esportesbrasilia.com.br\/noticias\/wp-json\/wp\/v2\/types\/post"}],"author":[{"embeddable":true,"href":"https:\/\/www.esportesbrasilia.com.br\/noticias\/wp-json\/wp\/v2\/users\/2"}],"replies":[{"embeddable":true,"href":"https:\/\/www.esportesbrasilia.com.br\/noticias\/wp-json\/wp\/v2\/comments?post=12256"}],"version-history":[{"count":1,"href":"https:\/\/www.esportesbrasilia.com.br\/noticias\/wp-json\/wp\/v2\/posts\/12256\/revisions"}],"predecessor-version":[{"id":12259,"href":"https:\/\/www.esportesbrasilia.com.br\/noticias\/wp-json\/wp\/v2\/posts\/12256\/revisions\/12259"}],"wp:featuredmedia":[{"embeddable":true,"href":"https:\/\/www.esportesbrasilia.com.br\/noticias\/wp-json\/wp\/v2\/media\/12257"}],"wp:attachment":[{"href":"https:\/\/www.esportesbrasilia.com.br\/noticias\/wp-json\/wp\/v2\/media?parent=12256"}],"wp:term":[{"taxonomy":"category","embeddable":true,"href":"https:\/\/www.esportesbrasilia.com.br\/noticias\/wp-json\/wp\/v2\/categories?post=12256"},{"taxonomy":"post_tag","embeddable":true,"href":"https:\/\/www.esportesbrasilia.com.br\/noticias\/wp-json\/wp\/v2\/tags?post=12256"}],"curies":[{"name":"wp","href":"https:\/\/api.w.org\/{rel}","templated":true}]}}