{"id":12235,"date":"2019-11-06T12:10:06","date_gmt":"2019-11-06T15:10:06","guid":{"rendered":"http:\/\/www.esportesbrasilia.com.br\/noticias\/?p=12235"},"modified":"2019-11-06T12:10:09","modified_gmt":"2019-11-06T15:10:09","slug":"coreia-do-sul-e-holanda-avancam-para-as-quartas-de-final","status":"publish","type":"post","link":"https:\/\/www.esportesbrasilia.com.br\/noticias\/futebol\/copadomundo2019\/coreia-do-sul-e-holanda-avancam-para-as-quartas-de-final.html","title":{"rendered":"Coreia do Sul e Holanda avan\u00e7am para as quartas de final"},"content":{"rendered":"\n<p>Come\u00e7aram as oitavas de final da Copa do Mundo da FIFA Sub-17. As duas primeiras vagas para as quartas de final foram disputadas nesta ter\u00e7a-feira (05), no est\u00e1dio Ol\u00edmpico Pedro Ludovico, em Goi\u00e2nia\/GO.<\/p>\n\n\n\n<p>No primeiro jogo, a sele\u00e7\u00e3o de Angola recebeu a Coreia do Sul e acabou derrotada por 1&#215;0, gol marcado por Minseo, aos 33 minutos do primeiro jogo.<\/p>\n\n\n\n<p>Com isso, o time asi\u00e1tico segue na competi\u00e7\u00e3o e aguarda o vencedor de Jap\u00e3o e M\u00e9xico, que jogam nesta quarta-feira (06), \u00e0s 16h30, no est\u00e1dio Bezerr\u00e3o, no Gama.<\/p>\n\n\n\n<figure class=\"wp-block-image\"><img loading=\"lazy\" decoding=\"async\" width=\"1024\" height=\"576\" src=\"https:\/\/www.esportesbrasilia.com.br\/noticias\/wp-content\/uploads\/angolaxcoriea-1024x576.jpg\" alt=\"\" class=\"wp-image-12238\" srcset=\"https:\/\/www.esportesbrasilia.com.br\/noticias\/wp-content\/uploads\/angolaxcoriea-1024x576.jpg 1024w, https:\/\/www.esportesbrasilia.com.br\/noticias\/wp-content\/uploads\/angolaxcoriea-300x169.jpg 300w, https:\/\/www.esportesbrasilia.com.br\/noticias\/wp-content\/uploads\/angolaxcoriea-768x432.jpg 768w, https:\/\/www.esportesbrasilia.com.br\/noticias\/wp-content\/uploads\/angolaxcoriea-696x392.jpg 696w, https:\/\/www.esportesbrasilia.com.br\/noticias\/wp-content\/uploads\/angolaxcoriea-1068x601.jpg 1068w, https:\/\/www.esportesbrasilia.com.br\/noticias\/wp-content\/uploads\/angolaxcoriea-747x420.jpg 747w, https:\/\/www.esportesbrasilia.com.br\/noticias\/wp-content\/uploads\/angolaxcoriea.jpg 2048w\" sizes=\"auto, (max-width: 1024px) 100vw, 1024px\" \/><figcaption>Minseo marcou o gol da Coreia do Sul, que levou o time asi\u00e1tico \u00e0s quartas de final da Copa do Mundo da FIFA Sub-17 &#8211; Foto: Getty Images\/FIFA<\/figcaption><\/figure>\n\n\n\n<p>J\u00e1 no jogo de fundo, a Nig\u00e9ria recebeu a Holanda. Hansen fez um hat trick e foi nome da partida. O camisa 07 holand\u00eas abriu o placar para os europeus aos quatro minutos de jogo, em cobran\u00e7a de penalidade m\u00e1xima. Aos 12, os africanos empataram, tamb\u00e9m em cobran\u00e7a de penalti, feita por Olusegun.<\/p>\n\n\n\n<p>O jogo continuou quente e, aos 15 minutos, Hansen marcou o segundo gol dele na partida. E, n\u00e3o satisfeito, o pr\u00f3prio Hansen fez o terceiro aos 35 minutos do segundo tempo, fechando o placar em 3&#215;1 para o Holanda.<\/p>\n\n\n\n<figure class=\"wp-block-image\"><img loading=\"lazy\" decoding=\"async\" width=\"1024\" height=\"576\" src=\"https:\/\/www.esportesbrasilia.com.br\/noticias\/wp-content\/uploads\/nigeriaxholanda_2-1024x576.jpg\" alt=\"\" class=\"wp-image-12237\" srcset=\"https:\/\/www.esportesbrasilia.com.br\/noticias\/wp-content\/uploads\/nigeriaxholanda_2-1024x576.jpg 1024w, https:\/\/www.esportesbrasilia.com.br\/noticias\/wp-content\/uploads\/nigeriaxholanda_2-300x169.jpg 300w, https:\/\/www.esportesbrasilia.com.br\/noticias\/wp-content\/uploads\/nigeriaxholanda_2-768x432.jpg 768w, https:\/\/www.esportesbrasilia.com.br\/noticias\/wp-content\/uploads\/nigeriaxholanda_2-696x392.jpg 696w, https:\/\/www.esportesbrasilia.com.br\/noticias\/wp-content\/uploads\/nigeriaxholanda_2-1068x601.jpg 1068w, https:\/\/www.esportesbrasilia.com.br\/noticias\/wp-content\/uploads\/nigeriaxholanda_2-747x420.jpg 747w, https:\/\/www.esportesbrasilia.com.br\/noticias\/wp-content\/uploads\/nigeriaxholanda_2.jpg 2048w\" sizes=\"auto, (max-width: 1024px) 100vw, 1024px\" \/><figcaption>Nig\u00e9ria perdeu para a Holanda por 3&#215;1, em Goi\u00e2nia, com show de Hansen, que marcou tr\u00eas gols &#8211; Foto: Getty Images\/FIFA<\/figcaption><\/figure>\n\n\n\n<p>Com a vit\u00f3ria, a Holanda aguarda o vencedor de Paraguai e Argentina, que jogam na quinta-feira (07), \u00e0s 20h, em Cariacica\/ES.<\/p>\n","protected":false},"excerpt":{"rendered":"<p>Come\u00e7aram as oitavas de final da Copa do Mundo da FIFA Sub-17. As duas primeiras vagas para as quartas de final foram disputadas nesta ter\u00e7a-feira (05), no est\u00e1dio Ol\u00edmpico Pedro Ludovico, em Goi\u00e2nia\/GO. No primeiro jogo, a sele\u00e7\u00e3o de Angola recebeu a Coreia do Sul e acabou derrotada por 1&#215;0, gol marcado por Minseo, aos [&hellip;]<\/p>\n","protected":false},"author":2,"featured_media":12237,"comment_status":"open","ping_status":"closed","sticky":false,"template":"","format":"standard","meta":{"footnotes":""},"categories":[462],"tags":[],"class_list":["post-12235","post","type-post","status-publish","format-standard","has-post-thumbnail","hentry","category-copadomundo2019"],"_links":{"self":[{"href":"https:\/\/www.esportesbrasilia.com.br\/noticias\/wp-json\/wp\/v2\/posts\/12235","targetHints":{"allow":["GET"]}}],"collection":[{"href":"https:\/\/www.esportesbrasilia.com.br\/noticias\/wp-json\/wp\/v2\/posts"}],"about":[{"href":"https:\/\/www.esportesbrasilia.com.br\/noticias\/wp-json\/wp\/v2\/types\/post"}],"author":[{"embeddable":true,"href":"https:\/\/www.esportesbrasilia.com.br\/noticias\/wp-json\/wp\/v2\/users\/2"}],"replies":[{"embeddable":true,"href":"https:\/\/www.esportesbrasilia.com.br\/noticias\/wp-json\/wp\/v2\/comments?post=12235"}],"version-history":[{"count":1,"href":"https:\/\/www.esportesbrasilia.com.br\/noticias\/wp-json\/wp\/v2\/posts\/12235\/revisions"}],"predecessor-version":[{"id":12239,"href":"https:\/\/www.esportesbrasilia.com.br\/noticias\/wp-json\/wp\/v2\/posts\/12235\/revisions\/12239"}],"wp:featuredmedia":[{"embeddable":true,"href":"https:\/\/www.esportesbrasilia.com.br\/noticias\/wp-json\/wp\/v2\/media\/12237"}],"wp:attachment":[{"href":"https:\/\/www.esportesbrasilia.com.br\/noticias\/wp-json\/wp\/v2\/media?parent=12235"}],"wp:term":[{"taxonomy":"category","embeddable":true,"href":"https:\/\/www.esportesbrasilia.com.br\/noticias\/wp-json\/wp\/v2\/categories?post=12235"},{"taxonomy":"post_tag","embeddable":true,"href":"https:\/\/www.esportesbrasilia.com.br\/noticias\/wp-json\/wp\/v2\/tags?post=12235"}],"curies":[{"name":"wp","href":"https:\/\/api.w.org\/{rel}","templated":true}]}}