{"id":12069,"date":"2019-10-22T10:06:10","date_gmt":"2019-10-22T13:06:10","guid":{"rendered":"http:\/\/www.esportesbrasilia.com.br\/noticias\/?p=12069"},"modified":"2019-10-22T10:22:47","modified_gmt":"2019-10-22T13:22:47","slug":"brasilia-entra-na-briga-para-sediar-final-da-libertadores-2019","status":"publish","type":"post","link":"https:\/\/www.esportesbrasilia.com.br\/noticias\/futebol\/brasilia-entra-na-briga-para-sediar-final-da-libertadores-2019.html","title":{"rendered":"Bras\u00edlia entra na briga para sediar final da Libertadores 2019"},"content":{"rendered":"\n<p>O governador do Distrito Federal, Ibaneis Rocha, declarou nesta ter\u00e7a-feira (22) que Bras\u00edlia est\u00e1 a disposi\u00e7\u00e3o da Conmebol para sediar a final da Libertadores 2019.<\/p>\n\n\n\n<p>Segundo o site <em>CBPoder<\/em>, o pol\u00edtico procurou a entidade m\u00e1xima do futebol sul-americano e ofereceu o est\u00e1dio Man\u00e9 Garrincha, caso o est\u00e1dio Nacional de Santiago, no Chile, n\u00e3o possa receber a partida.<\/p>\n\n\n\n<p>O sinal de alerta foi ligado pela Conmebol, segundo a <em>CNN Chile<\/em>, por conta dos protestos que aconteceram nos \u00faltimos dias na capital chilena. Os moradores daquela cidade reclamam do aumento do pre\u00e7o dos combust\u00edveis.<\/p>\n\n\n\n<p>No entanto, a Conmebol garante que a final est\u00e1 confirmada para o dia 23 de novembro. \u00c9 o que diz uma nota enviada pela entidade.<\/p>\n\n\n\n<p><em>A Conmebol reafirma o seu compromisso de disputar a final \u00fanica da Libertadores no lugar, data e hora divulgados inicialmente. A Conmebol se encontra em contato permanente com as autoridades e todos os entes relacionados com a realiza\u00e7\u00e3o da final \u00fanica em Santiago, no Chile. A an\u00e1lise ser\u00e1 realizada e ser\u00e1 levado em conta a seguran\u00e7a dos clubes, jogadores, torcedores e meios de comunica\u00e7\u00e3o credenciados para que o \u00fanico protagonista da final seja o futebol sul-americano no jogo que coroar\u00e1 um novo campe\u00e3o continental.<\/em><\/p>\n\n\n\n<p>Os times que v\u00e3o disputar a final come\u00e7am a ser decididos nesta ter\u00e7a-feira (22). O River Plate enfrenta o Boca Juniors (no jogo de ida, vit\u00f3ria do River por 2&#215;0) e o Flamengo encara o Gr\u00eamio (no jogo de ida, empate em 1&#215;1).<\/p>\n","protected":false},"excerpt":{"rendered":"<p>O governador do Distrito Federal, Ibaneis Rocha, declarou nesta ter\u00e7a-feira (22) que Bras\u00edlia est\u00e1 a disposi\u00e7\u00e3o da Conmebol para sediar a final da Libertadores 2019. Segundo o site CBPoder, o pol\u00edtico procurou a entidade m\u00e1xima do futebol sul-americano e ofereceu o est\u00e1dio Man\u00e9 Garrincha, caso o est\u00e1dio Nacional de Santiago, no Chile, n\u00e3o possa receber [&hellip;]<\/p>\n","protected":false},"author":2,"featured_media":12070,"comment_status":"open","ping_status":"closed","sticky":false,"template":"","format":"standard","meta":{"footnotes":""},"categories":[8],"tags":[],"class_list":["post-12069","post","type-post","status-publish","format-standard","has-post-thumbnail","hentry","category-futebol"],"_links":{"self":[{"href":"https:\/\/www.esportesbrasilia.com.br\/noticias\/wp-json\/wp\/v2\/posts\/12069","targetHints":{"allow":["GET"]}}],"collection":[{"href":"https:\/\/www.esportesbrasilia.com.br\/noticias\/wp-json\/wp\/v2\/posts"}],"about":[{"href":"https:\/\/www.esportesbrasilia.com.br\/noticias\/wp-json\/wp\/v2\/types\/post"}],"author":[{"embeddable":true,"href":"https:\/\/www.esportesbrasilia.com.br\/noticias\/wp-json\/wp\/v2\/users\/2"}],"replies":[{"embeddable":true,"href":"https:\/\/www.esportesbrasilia.com.br\/noticias\/wp-json\/wp\/v2\/comments?post=12069"}],"version-history":[{"count":2,"href":"https:\/\/www.esportesbrasilia.com.br\/noticias\/wp-json\/wp\/v2\/posts\/12069\/revisions"}],"predecessor-version":[{"id":12072,"href":"https:\/\/www.esportesbrasilia.com.br\/noticias\/wp-json\/wp\/v2\/posts\/12069\/revisions\/12072"}],"wp:featuredmedia":[{"embeddable":true,"href":"https:\/\/www.esportesbrasilia.com.br\/noticias\/wp-json\/wp\/v2\/media\/12070"}],"wp:attachment":[{"href":"https:\/\/www.esportesbrasilia.com.br\/noticias\/wp-json\/wp\/v2\/media?parent=12069"}],"wp:term":[{"taxonomy":"category","embeddable":true,"href":"https:\/\/www.esportesbrasilia.com.br\/noticias\/wp-json\/wp\/v2\/categories?post=12069"},{"taxonomy":"post_tag","embeddable":true,"href":"https:\/\/www.esportesbrasilia.com.br\/noticias\/wp-json\/wp\/v2\/tags?post=12069"}],"curies":[{"name":"wp","href":"https:\/\/api.w.org\/{rel}","templated":true}]}}