{"id":12053,"date":"2019-10-19T22:38:34","date_gmt":"2019-10-20T01:38:34","guid":{"rendered":"http:\/\/www.esportesbrasilia.com.br\/noticias\/?p=12053"},"modified":"2019-10-19T23:14:48","modified_gmt":"2019-10-20T02:14:48","slug":"planaltina-bate-ceilandense-e-paranoa-e-campeao-invicto-da-segundinha-2019","status":"publish","type":"post","link":"https:\/\/www.esportesbrasilia.com.br\/noticias\/futebol\/planaltina-bate-ceilandense-e-paranoa-e-campeao-invicto-da-segundinha-2019.html","title":{"rendered":"Planaltina bate Ceilandense e Parano\u00e1 \u00e9 campe\u00e3o invicto da Segundinha 2019"},"content":{"rendered":"\n<p>A \u00faltima rodada da Segundinha 2019 foi decisiva. Simultaneamente, o Botafogo enfrentava o CFZ Bras\u00edlia na esperan\u00e7a de beliscar a segunda vaga para a primeira divis\u00e3o de 2020, o Parano\u00e1 visitava o Samambaia, querendo voltar \u00e0 elite candanga, e o Planaltina recebia o Ceilandense.<\/p>\n\n\n\n<p>No Serej\u00e3o, aos 35 minutos do primeiro tempo, ap\u00f3s a cobran\u00e7a de escanteio de Dog\u00e3o, a bola vai direto na cabe\u00e7a de Eduardo Jos\u00e9, que testa firme e abre o placar para o Parano\u00e1.<\/p>\n\n\n\n<p>Nos acr\u00e9scimos do primeiro tempo, aos 46 minutos, Wisman avan\u00e7ou pela direita e cruzou para a grande \u00e1rea. Sem pensar duas vezes, Eduardo sobe no terceiro andar e cabeceia direto pra rede, ampliando o marcador para a cobra sucuri.<\/p>\n\n\n\n<figure class=\"wp-block-image\"><img loading=\"lazy\" decoding=\"async\" width=\"1024\" height=\"683\" src=\"https:\/\/www.esportesbrasilia.com.br\/noticias\/wp-content\/uploads\/IMG_3181-1024x683.jpg\" alt=\"\" class=\"wp-image-12056\" srcset=\"https:\/\/www.esportesbrasilia.com.br\/noticias\/wp-content\/uploads\/IMG_3181-1024x683.jpg 1024w, https:\/\/www.esportesbrasilia.com.br\/noticias\/wp-content\/uploads\/IMG_3181-300x200.jpg 300w, https:\/\/www.esportesbrasilia.com.br\/noticias\/wp-content\/uploads\/IMG_3181-768x512.jpg 768w, https:\/\/www.esportesbrasilia.com.br\/noticias\/wp-content\/uploads\/IMG_3181-696x464.jpg 696w, https:\/\/www.esportesbrasilia.com.br\/noticias\/wp-content\/uploads\/IMG_3181-1068x712.jpg 1068w, https:\/\/www.esportesbrasilia.com.br\/noticias\/wp-content\/uploads\/IMG_3181-630x420.jpg 630w\" sizes=\"auto, (max-width: 1024px) 100vw, 1024px\" \/><figcaption>Eduardo Jos\u00e9 marcou os dois primeiros gols do Parano\u00e1, ainda no primeiro tempo &#8211; Foto: Marco Antonio Tchefy\/Ag\u00eancia EB<\/figcaption><\/figure>\n\n\n\n<p>Neste momento, o Ceilandense vencia o Planaltina por 1&#215;0. Com esse resultado, o rubro-negro candango estava sagrando-se campe\u00e3o candango. <\/p>\n\n\n\n<p>Mas, na volta do intervalo em Taguatinga, o Samambaia resolveu dar o ar da gra\u00e7a. Aos nove minutos, Celso cobrou falta pela esquerda e estufou a rede de Matheus Lorenzo, descontando para a cobra cip\u00f3.<\/p>\n\n\n\n<p>Minutos depois, no est\u00e1dio JK, o galo da regi\u00e3o norte da cidade empatou o jogo. O placar de 1&#215;1 tirava o Ceilandense da lideran\u00e7a do campeonato candango.<\/p>\n\n\n\n<p>Os ouvidos de quem acompanhava o jogo na <strong>Esportes Bras\u00edlia<\/strong> come\u00e7aram a ficar atentos para a situa\u00e7\u00e3o do est\u00e1dio JK. Mas quem estava no est\u00e1dio Serej\u00e3o, come\u00e7ou a festa aos 20 minutos do segundo tempo. Ap\u00f3s cobran\u00e7a de escanteio pela esquerda &#8211; mais uma vez de Dog\u00e3o -, Fabinho subiu no segundo poste e cabeceou para o gol, matando a defesa do Samambaia e dando n\u00fameros finais ao jogo.<\/p>\n\n\n\n<p>Quem acabou frustrado foi o torcedor do Botafogo-DF, que mesmo com a goleada de 6&#215;3 frente ao CFZ Bras\u00edlia, n\u00e3o tinha mais chances de garantir o acesso.<\/p>\n\n\n\n<p>A festa no Serej\u00e3o ganhou mais intensidade quando o rel\u00f3gio batia 34 minutos do segundo tempo e o Planaltina virou o jogo para cima do Ceilandense. No est\u00e1dio JK, o rel\u00f3gio apontava 40 minutos do segundo tempo.<\/p>\n\n\n\n<p>A tens\u00e3o tomou conta de torcedores e jogadores do Parano\u00e1. At\u00e9 que, aos 41 minutos, no est\u00e1dio Serej\u00e3o, a reportagem da <strong>EB<\/strong> anunciou que o jogo no est\u00e1dio JK havia sido encerrado pelo \u00e1rbitro S\u00e1vio Sampaio. A partir da\u00ed, a festa tomou conta dos atletas no banco de reservas e da torcida nas arquibancadas.<\/p>\n\n\n\n<figure class=\"wp-block-image\"><img loading=\"lazy\" decoding=\"async\" width=\"1024\" height=\"683\" src=\"https:\/\/www.esportesbrasilia.com.br\/noticias\/wp-content\/uploads\/IMG_5607-1024x683.jpg\" alt=\"T\u00e9cnico Vandinho levou o Parano\u00e1 a\" class=\"wp-image-12054\" srcset=\"https:\/\/www.esportesbrasilia.com.br\/noticias\/wp-content\/uploads\/IMG_5607-1024x683.jpg 1024w, https:\/\/www.esportesbrasilia.com.br\/noticias\/wp-content\/uploads\/IMG_5607-300x200.jpg 300w, https:\/\/www.esportesbrasilia.com.br\/noticias\/wp-content\/uploads\/IMG_5607-768x512.jpg 768w, https:\/\/www.esportesbrasilia.com.br\/noticias\/wp-content\/uploads\/IMG_5607-696x464.jpg 696w, https:\/\/www.esportesbrasilia.com.br\/noticias\/wp-content\/uploads\/IMG_5607-1068x712.jpg 1068w, https:\/\/www.esportesbrasilia.com.br\/noticias\/wp-content\/uploads\/IMG_5607-630x420.jpg 630w\" sizes=\"auto, (max-width: 1024px) 100vw, 1024px\" \/><figcaption>Comiss\u00e3o t\u00e9cnica do Parano\u00e1 festeja vit\u00f3ria e o t\u00edtulo invicto da Segundinha 2019 &#8211; Foto: Marco Antonio Tchefy\/Ag\u00eancia EB<\/figcaption><\/figure>\n\n\n\n<p>O Parano\u00e1 confirmou a vit\u00f3ria por 3&#215;1 e, al\u00e9m de voltar \u00e0 primeira divis\u00e3o candanga em 2020, sagrou-se bicampe\u00e3o da Segundinha 2019 &#8211; o time havia conquistado o t\u00edtulo em 2004.<\/p>\n\n\n\n<p><strong><a href=\"https:\/\/www.esportesbrasilia.com.br\/noticias\/candangao2019serieb\">Clique aqui e confira a classifica\u00e7\u00e3o final da Segundinha 2019<\/a>.<\/strong><\/p>\n\n\n\n<p>Parano\u00e1 e Ceilandense entrar\u00e3o no lugar de Santa Maria e Bolamense na edi\u00e7\u00e3o 2020 do Candang\u00e3o. O trof\u00e9u ser\u00e1 entregue na pr\u00f3xima segunda-feira (21), num evento a ser realizado, na sede da Federa\u00e7\u00e3o de Futebol do DF.<\/p>\n\n\n\n<p>Clique com o bot\u00e3o direito em cima da imagem abaixo e salve o papel de parede do time campe\u00e3o.<\/p>\n\n\n\n<figure class=\"wp-block-image\"><img loading=\"lazy\" decoding=\"async\" width=\"3888\" height=\"2592\" src=\"https:\/\/www.esportesbrasilia.com.br\/noticias\/wp-content\/uploads\/postercampeaoserieb.png\" alt=\"\" class=\"wp-image-12063\" srcset=\"https:\/\/www.esportesbrasilia.com.br\/noticias\/wp-content\/uploads\/postercampeaoserieb.png 3888w, https:\/\/www.esportesbrasilia.com.br\/noticias\/wp-content\/uploads\/postercampeaoserieb-300x200.png 300w, https:\/\/www.esportesbrasilia.com.br\/noticias\/wp-content\/uploads\/postercampeaoserieb-768x512.png 768w, https:\/\/www.esportesbrasilia.com.br\/noticias\/wp-content\/uploads\/postercampeaoserieb-1024x683.png 1024w, https:\/\/www.esportesbrasilia.com.br\/noticias\/wp-content\/uploads\/postercampeaoserieb-696x464.png 696w, https:\/\/www.esportesbrasilia.com.br\/noticias\/wp-content\/uploads\/postercampeaoserieb-1068x712.png 1068w, https:\/\/www.esportesbrasilia.com.br\/noticias\/wp-content\/uploads\/postercampeaoserieb-630x420.png 630w\" sizes=\"auto, (max-width: 3888px) 100vw, 3888px\" \/><\/figure>\n","protected":false},"excerpt":{"rendered":"<p>A \u00faltima rodada da Segundinha 2019 foi decisiva. Simultaneamente, o Botafogo enfrentava o CFZ Bras\u00edlia na esperan\u00e7a de beliscar a segunda vaga para a primeira divis\u00e3o de 2020, o Parano\u00e1 visitava o Samambaia, querendo voltar \u00e0 elite candanga, e o Planaltina recebia o Ceilandense. No Serej\u00e3o, aos 35 minutos do primeiro tempo, ap\u00f3s a cobran\u00e7a [&hellip;]<\/p>\n","protected":false},"author":2,"featured_media":12055,"comment_status":"open","ping_status":"closed","sticky":false,"template":"","format":"standard","meta":{"footnotes":""},"categories":[8],"tags":[],"class_list":["post-12053","post","type-post","status-publish","format-standard","has-post-thumbnail","hentry","category-futebol"],"_links":{"self":[{"href":"https:\/\/www.esportesbrasilia.com.br\/noticias\/wp-json\/wp\/v2\/posts\/12053","targetHints":{"allow":["GET"]}}],"collection":[{"href":"https:\/\/www.esportesbrasilia.com.br\/noticias\/wp-json\/wp\/v2\/posts"}],"about":[{"href":"https:\/\/www.esportesbrasilia.com.br\/noticias\/wp-json\/wp\/v2\/types\/post"}],"author":[{"embeddable":true,"href":"https:\/\/www.esportesbrasilia.com.br\/noticias\/wp-json\/wp\/v2\/users\/2"}],"replies":[{"embeddable":true,"href":"https:\/\/www.esportesbrasilia.com.br\/noticias\/wp-json\/wp\/v2\/comments?post=12053"}],"version-history":[{"count":3,"href":"https:\/\/www.esportesbrasilia.com.br\/noticias\/wp-json\/wp\/v2\/posts\/12053\/revisions"}],"predecessor-version":[{"id":12064,"href":"https:\/\/www.esportesbrasilia.com.br\/noticias\/wp-json\/wp\/v2\/posts\/12053\/revisions\/12064"}],"wp:featuredmedia":[{"embeddable":true,"href":"https:\/\/www.esportesbrasilia.com.br\/noticias\/wp-json\/wp\/v2\/media\/12055"}],"wp:attachment":[{"href":"https:\/\/www.esportesbrasilia.com.br\/noticias\/wp-json\/wp\/v2\/media?parent=12053"}],"wp:term":[{"taxonomy":"category","embeddable":true,"href":"https:\/\/www.esportesbrasilia.com.br\/noticias\/wp-json\/wp\/v2\/categories?post=12053"},{"taxonomy":"post_tag","embeddable":true,"href":"https:\/\/www.esportesbrasilia.com.br\/noticias\/wp-json\/wp\/v2\/tags?post=12053"}],"curies":[{"name":"wp","href":"https:\/\/api.w.org\/{rel}","templated":true}]}}