{"id":11999,"date":"2019-10-10T15:54:07","date_gmt":"2019-10-10T18:54:07","guid":{"rendered":"http:\/\/www.esportesbrasilia.com.br\/noticias\/?p=11999"},"modified":"2019-10-10T16:22:15","modified_gmt":"2019-10-10T19:22:15","slug":"zagueiro-tetracampeao-mundial-deixa-o-brasiliense","status":"publish","type":"post","link":"https:\/\/www.esportesbrasilia.com.br\/noticias\/futebol\/zagueiro-tetracampeao-mundial-deixa-o-brasiliense.html","title":{"rendered":"Zagueiro pentacampe\u00e3o mundial deixa o Brasiliense"},"content":{"rendered":"\n<p>L\u00facio n\u00e3o \u00e9 mais jogador do Brasiliense. A informa\u00e7\u00e3o foi divulgada pelo atleta nas redes sociais e confirmada pela diretoria do jacar\u00e9 na tarde desta quinta-feira (10).<\/p>\n\n\n\n<div class=\"wp-block-image\"><figure class=\"aligncenter\"><img loading=\"lazy\" decoding=\"async\" width=\"452\" height=\"863\" src=\"https:\/\/www.esportesbrasilia.com.br\/noticias\/wp-content\/uploads\/lucio_anuncio.png\" alt=\"\" class=\"wp-image-12001\" srcset=\"https:\/\/www.esportesbrasilia.com.br\/noticias\/wp-content\/uploads\/lucio_anuncio.png 452w, https:\/\/www.esportesbrasilia.com.br\/noticias\/wp-content\/uploads\/lucio_anuncio-157x300.png 157w, https:\/\/www.esportesbrasilia.com.br\/noticias\/wp-content\/uploads\/lucio_anuncio-220x420.png 220w\" sizes=\"auto, (max-width: 452px) 100vw, 452px\" \/><\/figure><\/div>\n\n\n\n<p>Segundo a diretoria do jacar\u00e9, o atleta rescindiu o contrato em comum acordo com a alta c\u00fapula do Brasiliense. L\u00facio vestiu a camisa do Brasiliense em 31 oportunidades.<\/p>\n\n\n\n<figure class=\"wp-block-image\"><img loading=\"lazy\" decoding=\"async\" width=\"800\" height=\"428\" src=\"https:\/\/www.esportesbrasilia.com.br\/noticias\/wp-content\/uploads\/lucio_brasiliensefc.jpg\" alt=\"\" class=\"wp-image-12000\" srcset=\"https:\/\/www.esportesbrasilia.com.br\/noticias\/wp-content\/uploads\/lucio_brasiliensefc.jpg 800w, https:\/\/www.esportesbrasilia.com.br\/noticias\/wp-content\/uploads\/lucio_brasiliensefc-300x161.jpg 300w, https:\/\/www.esportesbrasilia.com.br\/noticias\/wp-content\/uploads\/lucio_brasiliensefc-768x411.jpg 768w, https:\/\/www.esportesbrasilia.com.br\/noticias\/wp-content\/uploads\/lucio_brasiliensefc-696x372.jpg 696w, https:\/\/www.esportesbrasilia.com.br\/noticias\/wp-content\/uploads\/lucio_brasiliensefc-785x420.jpg 785w\" sizes=\"auto, (max-width: 800px) 100vw, 800px\" \/><figcaption>L\u00facio rescindiu o contrato com o Brasiliense em comum acordo com a diretoria do jacar\u00e9 &#8211; Foto: Lucas Bolzan\/Brasiliense FC<\/figcaption><\/figure>\n\n\n\n<h3 class=\"wp-block-heading\">Mais jogadores podem sair<\/h3>\n\n\n\n<p>O novo t\u00e9cnico Mauro Fernandes est\u00e1 preparando o elenco visando a temporada 2020 do Brasiliense. Ele realizou um amistoso diante do An\u00e1polis no \u00faltimo m\u00eas de setembro para avaliar a condi\u00e7\u00e3o dos atletas do jacar\u00e9.<\/p>\n\n\n\n<p>No entanto, mais de dez jogadores podem deixar o elenco do jacar\u00e9. A reportagem da <strong>Esportes Bras\u00edlia<\/strong> apurou que eles estariam negociando com a situa\u00e7\u00e3o dos contratos com a diretoria, j\u00e1 que alguns deles possuem v\u00ednculo com o clube at\u00e9 maio do ano que vem.<\/p>\n\n\n\n<p>Os nomes ainda n\u00e3o foram revelados. No entanto, a reportagem da <strong>EB<\/strong> apurou que muitos preferem ainda ficar no Brasiliense por causa da estabilidade, do projeto do time e pela estrutura do clube.<\/p>\n\n\n\n<p>O Brasiliense disputar\u00e1, em 2020, quatro campeonatos: Candang\u00e3o S\u00e9rie A, Copa do Brasil, pr\u00e9-Copa Verde e pr\u00e9-S\u00e9rie D.<\/p>\n","protected":false},"excerpt":{"rendered":"<p>L\u00facio n\u00e3o \u00e9 mais jogador do Brasiliense. A informa\u00e7\u00e3o foi divulgada pelo atleta nas redes sociais e confirmada pela diretoria do jacar\u00e9 na tarde desta quinta-feira (10). Segundo a diretoria do jacar\u00e9, o atleta rescindiu o contrato em comum acordo com a alta c\u00fapula do Brasiliense. L\u00facio vestiu a camisa do Brasiliense em 31 oportunidades. [&hellip;]<\/p>\n","protected":false},"author":2,"featured_media":12000,"comment_status":"open","ping_status":"closed","sticky":false,"template":"","format":"standard","meta":{"footnotes":""},"categories":[8],"tags":[34,498],"class_list":["post-11999","post","type-post","status-publish","format-standard","has-post-thumbnail","hentry","category-futebol","tag-brasiliense","tag-lucio"],"_links":{"self":[{"href":"https:\/\/www.esportesbrasilia.com.br\/noticias\/wp-json\/wp\/v2\/posts\/11999","targetHints":{"allow":["GET"]}}],"collection":[{"href":"https:\/\/www.esportesbrasilia.com.br\/noticias\/wp-json\/wp\/v2\/posts"}],"about":[{"href":"https:\/\/www.esportesbrasilia.com.br\/noticias\/wp-json\/wp\/v2\/types\/post"}],"author":[{"embeddable":true,"href":"https:\/\/www.esportesbrasilia.com.br\/noticias\/wp-json\/wp\/v2\/users\/2"}],"replies":[{"embeddable":true,"href":"https:\/\/www.esportesbrasilia.com.br\/noticias\/wp-json\/wp\/v2\/comments?post=11999"}],"version-history":[{"count":3,"href":"https:\/\/www.esportesbrasilia.com.br\/noticias\/wp-json\/wp\/v2\/posts\/11999\/revisions"}],"predecessor-version":[{"id":12004,"href":"https:\/\/www.esportesbrasilia.com.br\/noticias\/wp-json\/wp\/v2\/posts\/11999\/revisions\/12004"}],"wp:featuredmedia":[{"embeddable":true,"href":"https:\/\/www.esportesbrasilia.com.br\/noticias\/wp-json\/wp\/v2\/media\/12000"}],"wp:attachment":[{"href":"https:\/\/www.esportesbrasilia.com.br\/noticias\/wp-json\/wp\/v2\/media?parent=11999"}],"wp:term":[{"taxonomy":"category","embeddable":true,"href":"https:\/\/www.esportesbrasilia.com.br\/noticias\/wp-json\/wp\/v2\/categories?post=11999"},{"taxonomy":"post_tag","embeddable":true,"href":"https:\/\/www.esportesbrasilia.com.br\/noticias\/wp-json\/wp\/v2\/tags?post=11999"}],"curies":[{"name":"wp","href":"https:\/\/api.w.org\/{rel}","templated":true}]}}