{"id":11919,"date":"2019-10-04T09:48:30","date_gmt":"2019-10-04T12:48:30","guid":{"rendered":"http:\/\/www.esportesbrasilia.com.br\/noticias\/?p=11919"},"modified":"2019-10-04T09:49:17","modified_gmt":"2019-10-04T12:49:17","slug":"brasilia-recebe-o-maior-torneio-de-judo-ja-disputado-no-brasil","status":"publish","type":"post","link":"https:\/\/www.esportesbrasilia.com.br\/noticias\/outros\/brasilia-recebe-o-maior-torneio-de-judo-ja-disputado-no-brasil.html","title":{"rendered":"Bras\u00edlia recebe o maior torneio de Jud\u00f4 j\u00e1 disputado no Brasil"},"content":{"rendered":"\n<p>Na manh\u00e3 desta quinta (03), o secret\u00e1rio de esportes e lazer do Distrito Federal, Leandro Cruz, recebeu a imprensa para esclarecer como ser\u00e1 o Grand Slam de Jud\u00f4 em Bras\u00edlia, que ocorrer\u00e1 nos dias 6, 7 e 8 deste m\u00eas. \u00c9 a primeira vez em Bras\u00edlia &#8211; e em uma cidade que n\u00e3o seja o Rio de Janeiro, onde foram realizadas quatro edi\u00e7\u00f5es entre 2009 e 2012 &#8211; que o evento ocorrer\u00e1.<\/p>\n\n\n\n<p>A competi\u00e7\u00e3o ter\u00e1 347 judocas de 60 pa\u00edses, com alguns atletas renomados no esporte como Teddy Rinner, Mayra Aguiar, Rafaela Silva, Ketleyn Quadros e Guilherme Schimidt, atleta mais novo da Sele\u00e7\u00e3o Brasileira na modalidade.<\/p>\n\n\n\n<p>O Brasil, por ser o pa\u00eds sede, tem a vantagem de inscrever quatro atletas por categoria, enquanto os outros pa\u00edses apenas podem enviar dois para o campeonato. Al\u00e9m disso, a etapa \u00e9 muito importante para a qualifica\u00e7\u00e3o pros Jogos Ol\u00edmpicos de 2020, em T\u00f3quio, Jap\u00e3o, valendo 1.000 pontos no ranking mundial.<\/p>\n\n\n\n<h3 class=\"wp-block-heading\">Fortalecimento esportivo na capital<\/h3>\n\n\n\n<p>O secret\u00e1rio ressaltou que o governo do Distrito Federal est\u00e1 buscando trazer grandes eventos esportivos, aumentando a visibilidade dos atletas e fortalecendo o turismo na capital brasileira. \u201cO Grand Slam de Bras\u00edlia faz parte da pol\u00edtica de transformar Bras\u00edlia em um grande centro esportivo no Brasil.(\u2026) Bras\u00edlia respira esporte\u201d, garante Leandro Cruz.<\/p>\n\n\n\n<p>Neste ano, a cidade recebeu a Copa Mundial de Triatlo e ter\u00e1 a Copa do Mundo sub-17 de Futebol e algumas modalidades dos Jogos Universit\u00e1rios Brasileiros (JUBs). <\/p>\n\n\n\n<p>Para incentivar o esporte em Bras\u00edlia, os Centros Ol\u00edmpicos contar\u00e3o gradativamente com Jud\u00f4 em todas unidades. A secretaria de Esportes e Lazer levar\u00e1 200 alunos dos Centros para acompanhar o campeonato e participar de atividades na Arena de Jud\u00f4 Kids, com participa\u00e7\u00e3o do campe\u00e3o ol\u00edmpico em Barcelona, Rog\u00e9rio Sampaio.<\/p>\n\n\n\n<figure class=\"wp-block-image\"><img loading=\"lazy\" decoding=\"async\" width=\"1024\" height=\"551\" src=\"https:\/\/www.esportesbrasilia.com.br\/noticias\/wp-content\/uploads\/entrevistacoletiva_div-1024x551.jpg\" alt=\"\" class=\"wp-image-11920\" srcset=\"https:\/\/www.esportesbrasilia.com.br\/noticias\/wp-content\/uploads\/entrevistacoletiva_div-1024x551.jpg 1024w, https:\/\/www.esportesbrasilia.com.br\/noticias\/wp-content\/uploads\/entrevistacoletiva_div-300x162.jpg 300w, https:\/\/www.esportesbrasilia.com.br\/noticias\/wp-content\/uploads\/entrevistacoletiva_div-768x414.jpg 768w, https:\/\/www.esportesbrasilia.com.br\/noticias\/wp-content\/uploads\/entrevistacoletiva_div-696x375.jpg 696w, https:\/\/www.esportesbrasilia.com.br\/noticias\/wp-content\/uploads\/entrevistacoletiva_div-1068x575.jpg 1068w, https:\/\/www.esportesbrasilia.com.br\/noticias\/wp-content\/uploads\/entrevistacoletiva_div-780x420.jpg 780w\" sizes=\"auto, (max-width: 1024px) 100vw, 1024px\" \/><figcaption>Entrevista coletiva aconteceu na sede da Secretaria de Esporte. Grand Slam acontece nesta semana &#8211; Foto: Divulga\u00e7\u00e3o\/Secretaria de Esporte<\/figcaption><\/figure>\n\n\n\n<h3 class=\"wp-block-heading\">Participa\u00e7\u00e3o brasiliense no Grand Slam<\/h3>\n\n\n\n<p>Al\u00e9m do secret\u00e1rio, estavam presentes na entrevista coletiva o \u00e1rbitro da Federa\u00e7\u00e3o Internacional de Jud\u00f4 e professor Andr\u00e9 Mariano dos Santos e os atletas da Sele\u00e7\u00e3o de Base Brasileira Marcelo Valad\u00e3o e Matheus Takaki. O juiz, que est\u00e1 participando da escolha de \u00e1rbitros para os Jogos Ol\u00edmpicos de 2020, em T\u00f3quio, ressaltou a import\u00e2ncia de quebrar a predomin\u00e2ncia de eventos em Rio de Janeiro e S\u00e3o Paulo.<\/p>\n\n\n\n<p>\u201cRetirar um evento dessa magnitude do eixo Rio-S\u00e3o Paulo \u00e9 algo muito forte. Da mesma forma, a possibilidade de ter um juiz que n\u00e3o nasceu nesse eixo em uma Ol\u00edmpiada \u00e9 uma oportunidade \u00fanica\u201d, afirmou Andr\u00e9 Mariano.<\/p>\n\n\n\n<h3 class=\"wp-block-heading\">Servi\u00e7o<\/h3>\n\n\n\n<p>O Grand Slam de Jud\u00f4 acontecer\u00e1 entre nos dias 6, 7 e 8 de outubro dentro do Centro Internacional de Conven\u00e7\u00f5es do Brasil (CICB), no Setor de Clubes Sul. A entrada \u00e9 gratuita.<\/p>\n\n\n\n<p>Na segunda-feira (7) e ter\u00e7a-feira (8), dois \u00f4nibus far\u00e3o o transporte entre a Rodovi\u00e1ria do Plano Piloto e o CICB, das 9h at\u00e9 as 21h.<\/p>\n","protected":false},"excerpt":{"rendered":"<p>Na manh\u00e3 desta quinta (03), o secret\u00e1rio de esportes e lazer do Distrito Federal, Leandro Cruz, recebeu a imprensa para esclarecer como ser\u00e1 o Grand Slam de Jud\u00f4 em Bras\u00edlia, que ocorrer\u00e1 nos dias 6, 7 e 8 deste m\u00eas. \u00c9 a primeira vez em Bras\u00edlia &#8211; e em uma cidade que n\u00e3o seja o [&hellip;]<\/p>\n","protected":false},"author":37,"featured_media":11920,"comment_status":"open","ping_status":"closed","sticky":false,"template":"","format":"standard","meta":{"footnotes":""},"categories":[2],"tags":[],"class_list":["post-11919","post","type-post","status-publish","format-standard","has-post-thumbnail","hentry","category-outros"],"_links":{"self":[{"href":"https:\/\/www.esportesbrasilia.com.br\/noticias\/wp-json\/wp\/v2\/posts\/11919","targetHints":{"allow":["GET"]}}],"collection":[{"href":"https:\/\/www.esportesbrasilia.com.br\/noticias\/wp-json\/wp\/v2\/posts"}],"about":[{"href":"https:\/\/www.esportesbrasilia.com.br\/noticias\/wp-json\/wp\/v2\/types\/post"}],"author":[{"embeddable":true,"href":"https:\/\/www.esportesbrasilia.com.br\/noticias\/wp-json\/wp\/v2\/users\/37"}],"replies":[{"embeddable":true,"href":"https:\/\/www.esportesbrasilia.com.br\/noticias\/wp-json\/wp\/v2\/comments?post=11919"}],"version-history":[{"count":1,"href":"https:\/\/www.esportesbrasilia.com.br\/noticias\/wp-json\/wp\/v2\/posts\/11919\/revisions"}],"predecessor-version":[{"id":11921,"href":"https:\/\/www.esportesbrasilia.com.br\/noticias\/wp-json\/wp\/v2\/posts\/11919\/revisions\/11921"}],"wp:featuredmedia":[{"embeddable":true,"href":"https:\/\/www.esportesbrasilia.com.br\/noticias\/wp-json\/wp\/v2\/media\/11920"}],"wp:attachment":[{"href":"https:\/\/www.esportesbrasilia.com.br\/noticias\/wp-json\/wp\/v2\/media?parent=11919"}],"wp:term":[{"taxonomy":"category","embeddable":true,"href":"https:\/\/www.esportesbrasilia.com.br\/noticias\/wp-json\/wp\/v2\/categories?post=11919"},{"taxonomy":"post_tag","embeddable":true,"href":"https:\/\/www.esportesbrasilia.com.br\/noticias\/wp-json\/wp\/v2\/tags?post=11919"}],"curies":[{"name":"wp","href":"https:\/\/api.w.org\/{rel}","templated":true}]}}