{"id":11903,"date":"2019-10-02T13:29:20","date_gmt":"2019-10-02T16:29:20","guid":{"rendered":"http:\/\/www.esportesbrasilia.com.br\/noticias\/?p=11903"},"modified":"2019-10-02T13:30:36","modified_gmt":"2019-10-02T16:30:36","slug":"carcara-se-posiciona-sobre-homofobia-intolerancia-ou-discriminacao-de-qualquer-origem-aqui-nao-cabe","status":"publish","type":"post","link":"https:\/\/www.esportesbrasilia.com.br\/noticias\/futebol\/carcara-se-posiciona-sobre-homofobia-intolerancia-ou-discriminacao-de-qualquer-origem-aqui-nao-cabe.html","title":{"rendered":"Carcar\u00e1 se posiciona sobre homofobia: &#8220;Intoler\u00e2ncia ou discrimina\u00e7\u00e3o de qualquer origem, aqui n\u00e3o cabe&#8221;"},"content":{"rendered":"\n<p>Ap\u00f3s a revela\u00e7\u00e3o pela <strong>Esportes Bras\u00edlia<\/strong> do processo impetrado pelo TJD\/DF,<strong><a href=\"https:\/\/www.esportesbrasilia.com.br\/noticias\/futebol\/cruzeiro-e-absolvido-da-denuncia-de-homofobia-na-segundinha-2019.html\"> sobre um poss\u00edvel caso de homofobia no jogo contra o CFZ Bras\u00edlia, e depois de ser absolvido pelos auditores do Tribunal<\/a><\/strong>, o Cruzeiro se manifestou oficialmente sobre a situa\u00e7\u00e3o.<\/p>\n\n\n\n<p>A assessoria de imprensa do clube, por meio das redes sociais oficiais do time, divulgou uma nota sobre o caso no in\u00edcio da tarde desta quarta-feira (02). <\/p>\n\n\n\n<p>&#8220;Intoler\u00e2ncia ou discrimina\u00e7\u00e3o de qualquer origem, aqui n\u00e3o cabe\u201d, afirmou Ivani Alves da Silva, o Nyto, presidente do Cruzeiro. &#8220;Aqui convivemos diariamente com diferen\u00e7as substanciais, respeitando o ser leg\u00edtimo que cada um \u00e9&#8221;, completa a nota.<\/p>\n\n\n\n<iframe loading=\"lazy\" src=\"https:\/\/www.facebook.com\/plugins\/post.php?href=https%3A%2F%2Fwww.facebook.com%2Fcruzeirobrasilia%2Fposts%2F1722080927925364&#038;width=500\" width=\"500\" height=\"622\" style=\"border:none;overflow:hidden\" scrolling=\"no\" frameborder=\"0\" allowTransparency=\"true\" allow=\"encrypted-media\"><\/iframe>\n\n\n\n<p>O Cruzeiro volta a campo no pr\u00f3ximo s\u00e1bado (05), quando enfrenta o Legi\u00e3o, no est\u00e1dio Serra do Lago, \u00e0s 11h. O time \u00e9 o sexto colocado da Segundinha 2019, com nove pontos ganhos.<\/p>\n","protected":false},"excerpt":{"rendered":"<p>Ap\u00f3s a revela\u00e7\u00e3o pela Esportes Bras\u00edlia do processo impetrado pelo TJD\/DF, sobre um poss\u00edvel caso de homofobia no jogo contra o CFZ Bras\u00edlia, e depois de ser absolvido pelos auditores do Tribunal, o Cruzeiro se manifestou oficialmente sobre a situa\u00e7\u00e3o. A assessoria de imprensa do clube, por meio das redes sociais oficiais do time, divulgou [&hellip;]<\/p>\n","protected":false},"author":2,"featured_media":11905,"comment_status":"open","ping_status":"closed","sticky":false,"template":"","format":"standard","meta":{"footnotes":""},"categories":[8],"tags":[],"class_list":["post-11903","post","type-post","status-publish","format-standard","has-post-thumbnail","hentry","category-futebol"],"_links":{"self":[{"href":"https:\/\/www.esportesbrasilia.com.br\/noticias\/wp-json\/wp\/v2\/posts\/11903","targetHints":{"allow":["GET"]}}],"collection":[{"href":"https:\/\/www.esportesbrasilia.com.br\/noticias\/wp-json\/wp\/v2\/posts"}],"about":[{"href":"https:\/\/www.esportesbrasilia.com.br\/noticias\/wp-json\/wp\/v2\/types\/post"}],"author":[{"embeddable":true,"href":"https:\/\/www.esportesbrasilia.com.br\/noticias\/wp-json\/wp\/v2\/users\/2"}],"replies":[{"embeddable":true,"href":"https:\/\/www.esportesbrasilia.com.br\/noticias\/wp-json\/wp\/v2\/comments?post=11903"}],"version-history":[{"count":3,"href":"https:\/\/www.esportesbrasilia.com.br\/noticias\/wp-json\/wp\/v2\/posts\/11903\/revisions"}],"predecessor-version":[{"id":11907,"href":"https:\/\/www.esportesbrasilia.com.br\/noticias\/wp-json\/wp\/v2\/posts\/11903\/revisions\/11907"}],"wp:featuredmedia":[{"embeddable":true,"href":"https:\/\/www.esportesbrasilia.com.br\/noticias\/wp-json\/wp\/v2\/media\/11905"}],"wp:attachment":[{"href":"https:\/\/www.esportesbrasilia.com.br\/noticias\/wp-json\/wp\/v2\/media?parent=11903"}],"wp:term":[{"taxonomy":"category","embeddable":true,"href":"https:\/\/www.esportesbrasilia.com.br\/noticias\/wp-json\/wp\/v2\/categories?post=11903"},{"taxonomy":"post_tag","embeddable":true,"href":"https:\/\/www.esportesbrasilia.com.br\/noticias\/wp-json\/wp\/v2\/tags?post=11903"}],"curies":[{"name":"wp","href":"https:\/\/api.w.org\/{rel}","templated":true}]}}