{"id":11847,"date":"2019-09-20T11:32:56","date_gmt":"2019-09-20T14:32:56","guid":{"rendered":"http:\/\/www.esportesbrasilia.com.br\/noticias\/?p=11847"},"modified":"2019-09-20T11:32:59","modified_gmt":"2019-09-20T14:32:59","slug":"selecao-brasileira-e-convocada-para-a-copa-do-mundo-da-fifa-sub-17-candango-esta-na-lista","status":"publish","type":"post","link":"https:\/\/www.esportesbrasilia.com.br\/noticias\/futebol\/copadomundo2019\/selecao-brasileira-e-convocada-para-a-copa-do-mundo-da-fifa-sub-17-candango-esta-na-lista.html","title":{"rendered":"Sele\u00e7\u00e3o brasileira \u00e9 convocada para a Copa do Mundo da FIFA Sub-17. Candango est\u00e1 na lista"},"content":{"rendered":"\n<p>A sele\u00e7\u00e3o brasileira de futebol foi convocada para a disputa da Copa do Mundo da FIFA Sub-17. A equipe, que est\u00e1 alocada na chave A, estreia no dia 26 de outubro, diante do Canad\u00e1, no est\u00e1dio Bezerr\u00e3o, no Gama.<\/p>\n\n\n\n<p>Todos os jogadores atuam no futebol brasileiro. A surpresa fica por conta do candango Reinier, do Flamengo, que marcou um dos gols da vit\u00f3ria por 3&#215;0 frente ao Ava\u00ed, em Bras\u00edlia, em setembro passado, e vai jogar a Copa do Mundo da FIFA.<\/p>\n\n\n\n<p>&#8220;O grupo tem atletas muito comprometidos e talentosos, isso eu n\u00e3o abro m\u00e3o. Tivemos quatro jogos muito importantes aqui no Brasil contra o Paraguai e o Chile, voltamos agora de um torneio na Inglaterra. Isso mostra seguran\u00e7a e leva aos atletas a import\u00e2ncia de fazer um grande Mundial no Brasil. Vamos trabalhar muito para ter um \u00f3timo desempenho. Estamos chegando bem trabalhados&#8221;, garantiu Guilherme Dalla D\u00e9a, t\u00e9cnico do Brasil.<\/p>\n\n\n\n<figure class=\"wp-block-image\"><img loading=\"lazy\" decoding=\"async\" width=\"910\" height=\"607\" src=\"https:\/\/www.esportesbrasilia.com.br\/noticias\/wp-content\/uploads\/guilhermedalladea_branco_lucasfigueiredocbf.jpeg\" alt=\"\" class=\"wp-image-11848\" srcset=\"https:\/\/www.esportesbrasilia.com.br\/noticias\/wp-content\/uploads\/guilhermedalladea_branco_lucasfigueiredocbf.jpeg 910w, https:\/\/www.esportesbrasilia.com.br\/noticias\/wp-content\/uploads\/guilhermedalladea_branco_lucasfigueiredocbf-300x200.jpeg 300w, https:\/\/www.esportesbrasilia.com.br\/noticias\/wp-content\/uploads\/guilhermedalladea_branco_lucasfigueiredocbf-768x512.jpeg 768w, https:\/\/www.esportesbrasilia.com.br\/noticias\/wp-content\/uploads\/guilhermedalladea_branco_lucasfigueiredocbf-696x464.jpeg 696w, https:\/\/www.esportesbrasilia.com.br\/noticias\/wp-content\/uploads\/guilhermedalladea_branco_lucasfigueiredocbf-630x420.jpeg 630w\" sizes=\"auto, (max-width: 910px) 100vw, 910px\" \/><figcaption>Guilherme Dalla D\u00e9a (E) ser\u00e1 o t\u00e9cnico do Brasil na Copa do Mundo Sub-17 da FIFA &#8211; Foto: Lucas Figueiredo\/CBF<\/figcaption><\/figure>\n\n\n\n<p>A apresenta\u00e7\u00e3o dos atletas est\u00e1 marcada para o dia 07 de outubro, na Granja Comari. Mas antes, o time brasileiro ainda far\u00e1 um amistoso contra os Estados Unidos, em data e local a serem confirmados.<\/p>\n\n\n\n<p>A programa\u00e7\u00e3o para os dias antes da estreia na competi\u00e7\u00e3o internacional n\u00e3o foi divulgada pela comiss\u00e3o t\u00e9cnica brasileira.<\/p>\n\n\n\n<p>Confira os convocados:<\/p>\n\n\n\n<p>Goleiros<br>&#8211; Cristian (Atl\u00e9tico Mineiro)<br>&#8211; Marcelo (Fluminense)<br>&#8211; Matheus Donelli (Corinthians)<\/p>\n\n\n\n<p>Laterais Direitos<br>&#8211; Gustavo Garcia (Palmeiras)<br>&#8211; Yan (Coritiba)<\/p>\n\n\n\n<p>Lateral Esquerdo<br>&#8211; Patryck (S\u00e3o Paulo)<\/p>\n\n\n\n<p>Zagueiros<br>&#8211; Henri (Palmeiras)<br>&#8211; Luan Patrick (Athl\u00e9tico Paranaense)<br>&#8211; Paulo Eduardo (Cruzeiro)<br>&#8211; Renan (Palmeiras)<\/p>\n\n\n\n<p>Meio-Campistas<br>&#8211; Daniel Cabral (Flamengo)<br>&#8211; Diego Rosa (Gr\u00eamio)<br>&#8211; Matheus Ara\u00fajo (Corinthians)<br>&#8211; Reinier (Flamengo)<br>&#8211; Sandry (Santos)<br>&#8211; Talles Costa (S\u00e3o Paulo)<\/p>\n\n\n\n<p>Atacantes<br>&#8211; Gabriel Veron (Palmeiras)<br>&#8211; Jo\u00e3o Peglow (Internacional)<br>&#8211; Juan (S\u00e3o Paulo)<br>&#8211; Kaio Jorge (Santos)<br>&#8211; Talles Magno (Vasco)<\/p>\n","protected":false},"excerpt":{"rendered":"<p>A sele\u00e7\u00e3o brasileira de futebol foi convocada para a disputa da Copa do Mundo da FIFA Sub-17. A equipe, que est\u00e1 alocada na chave A, estreia no dia 26 de outubro, diante do Canad\u00e1, no est\u00e1dio Bezerr\u00e3o, no Gama. Todos os jogadores atuam no futebol brasileiro. A surpresa fica por conta do candango Reinier, do [&hellip;]<\/p>\n","protected":false},"author":2,"featured_media":11848,"comment_status":"open","ping_status":"closed","sticky":false,"template":"","format":"standard","meta":{"footnotes":""},"categories":[462],"tags":[],"class_list":["post-11847","post","type-post","status-publish","format-standard","has-post-thumbnail","hentry","category-copadomundo2019"],"_links":{"self":[{"href":"https:\/\/www.esportesbrasilia.com.br\/noticias\/wp-json\/wp\/v2\/posts\/11847","targetHints":{"allow":["GET"]}}],"collection":[{"href":"https:\/\/www.esportesbrasilia.com.br\/noticias\/wp-json\/wp\/v2\/posts"}],"about":[{"href":"https:\/\/www.esportesbrasilia.com.br\/noticias\/wp-json\/wp\/v2\/types\/post"}],"author":[{"embeddable":true,"href":"https:\/\/www.esportesbrasilia.com.br\/noticias\/wp-json\/wp\/v2\/users\/2"}],"replies":[{"embeddable":true,"href":"https:\/\/www.esportesbrasilia.com.br\/noticias\/wp-json\/wp\/v2\/comments?post=11847"}],"version-history":[{"count":1,"href":"https:\/\/www.esportesbrasilia.com.br\/noticias\/wp-json\/wp\/v2\/posts\/11847\/revisions"}],"predecessor-version":[{"id":11849,"href":"https:\/\/www.esportesbrasilia.com.br\/noticias\/wp-json\/wp\/v2\/posts\/11847\/revisions\/11849"}],"wp:featuredmedia":[{"embeddable":true,"href":"https:\/\/www.esportesbrasilia.com.br\/noticias\/wp-json\/wp\/v2\/media\/11848"}],"wp:attachment":[{"href":"https:\/\/www.esportesbrasilia.com.br\/noticias\/wp-json\/wp\/v2\/media?parent=11847"}],"wp:term":[{"taxonomy":"category","embeddable":true,"href":"https:\/\/www.esportesbrasilia.com.br\/noticias\/wp-json\/wp\/v2\/categories?post=11847"},{"taxonomy":"post_tag","embeddable":true,"href":"https:\/\/www.esportesbrasilia.com.br\/noticias\/wp-json\/wp\/v2\/tags?post=11847"}],"curies":[{"name":"wp","href":"https:\/\/api.w.org\/{rel}","templated":true}]}}