{"id":11832,"date":"2019-09-17T13:51:07","date_gmt":"2019-09-17T16:51:07","guid":{"rendered":"http:\/\/www.esportesbrasilia.com.br\/noticias\/?p=11832"},"modified":"2019-09-17T14:02:50","modified_gmt":"2019-09-17T17:02:50","slug":"liga-nacional-confirma-estreia-do-universo-brasilia-casa-no-nbb-2019-2020","status":"publish","type":"post","link":"https:\/\/www.esportesbrasilia.com.br\/noticias\/basquete\/liga-nacional-confirma-estreia-do-universo-brasilia-casa-no-nbb-2019-2020.html","title":{"rendered":"Liga Nacional confirma estreia do Universo\/Bras\u00edlia em casa no NBB 2019\/2020"},"content":{"rendered":"\n<p>A Liga Nacional de Basquete divulgou, na \u00faltima sexta-feira (13), a tabela oficial da 12\u00aa edi\u00e7\u00e3o do Novo Basquete Brasil. A competi\u00e7\u00e3o, que ter\u00e1 a participa\u00e7\u00e3o de 16 times, ter\u00e1 o Universo\/Bras\u00edlia como o representante do Distrito Federal.<\/p>\n\n\n\n<p>A estreia do time candango ser\u00e1 no dia 16 de outubro, \u00e0s 20h15, frente ao Botafogo, no Gin\u00e1sio da AsCEB. Dois dias depois, \u00e0s 21h10, acontecer\u00e1 o maior cl\u00e1ssico do basquete brasileiro, diante do Flamengo, possivelmente no Gin\u00e1sio Nilson Nelson.<\/p>\n\n\n\n<p>O primeiro jogo do Universo\/Bras\u00edlia fora de casa ser\u00e1 no dia 28 de outubro, \u00e0s 19h30, quando o time visita o algoz Pato Branco, em Pato Branco\/PR.<\/p>\n\n\n\n<p><\/p>\n\n\n\n<p>O objetivo \u00e9 tentar fazer uma campanha melhor do que aconteceu na temporada 2018\/2019, onde o Universo\/Bras\u00edlia terminou a competi\u00e7\u00e3o na 10\u00aa posi\u00e7\u00e3o. Para tanto, o t\u00e9cnico Andr\u00e9 Germano foi mantido e foram trazidos alguns refor\u00e7os para o elenco.<\/p>\n\n\n\n<p>Confira a tabela da primeira fase do NBB para o Universo\/Bras\u00edlia.<\/p>\n\n\n\n<figure class=\"wp-block-image\"><img loading=\"lazy\" decoding=\"async\" width=\"940\" height=\"788\" src=\"https:\/\/www.esportesbrasilia.com.br\/noticias\/wp-content\/uploads\/tabelanbb.png\" alt=\"\" class=\"wp-image-11834\" srcset=\"https:\/\/www.esportesbrasilia.com.br\/noticias\/wp-content\/uploads\/tabelanbb.png 940w, https:\/\/www.esportesbrasilia.com.br\/noticias\/wp-content\/uploads\/tabelanbb-300x251.png 300w, https:\/\/www.esportesbrasilia.com.br\/noticias\/wp-content\/uploads\/tabelanbb-768x644.png 768w, https:\/\/www.esportesbrasilia.com.br\/noticias\/wp-content\/uploads\/tabelanbb-696x583.png 696w, https:\/\/www.esportesbrasilia.com.br\/noticias\/wp-content\/uploads\/tabelanbb-501x420.png 501w\" sizes=\"auto, (max-width: 940px) 100vw, 940px\" \/><figcaption>Arte: Esportes Bras\u00edlia Comunica\u00e7\u00e3o<\/figcaption><\/figure>\n\n\n\n<p>A largada do NBB acontece no dia 12 de outubro, com uma rodada dupla. \u00c0s 12h45, no Gin\u00e1sio do Minas T\u00eanis Clube, o Minas recebe o Flamengo. J\u00e1 \u00e0s 16h, os dois times que vieram da Liga Ouro 2019 se enfrentam: Unifacisa e Rio Claro, em Campina Grande\/PB.<\/p>\n","protected":false},"excerpt":{"rendered":"<p>A Liga Nacional de Basquete divulgou, na \u00faltima sexta-feira (13), a tabela oficial da 12\u00aa edi\u00e7\u00e3o do Novo Basquete Brasil. A competi\u00e7\u00e3o, que ter\u00e1 a participa\u00e7\u00e3o de 16 times, ter\u00e1 o Universo\/Bras\u00edlia como o representante do Distrito Federal. A estreia do time candango ser\u00e1 no dia 16 de outubro, \u00e0s 20h15, frente ao Botafogo, no [&hellip;]<\/p>\n","protected":false},"author":2,"featured_media":8375,"comment_status":"open","ping_status":"closed","sticky":false,"template":"","format":"standard","meta":{"footnotes":""},"categories":[12],"tags":[],"class_list":["post-11832","post","type-post","status-publish","format-standard","has-post-thumbnail","hentry","category-basquete"],"_links":{"self":[{"href":"https:\/\/www.esportesbrasilia.com.br\/noticias\/wp-json\/wp\/v2\/posts\/11832","targetHints":{"allow":["GET"]}}],"collection":[{"href":"https:\/\/www.esportesbrasilia.com.br\/noticias\/wp-json\/wp\/v2\/posts"}],"about":[{"href":"https:\/\/www.esportesbrasilia.com.br\/noticias\/wp-json\/wp\/v2\/types\/post"}],"author":[{"embeddable":true,"href":"https:\/\/www.esportesbrasilia.com.br\/noticias\/wp-json\/wp\/v2\/users\/2"}],"replies":[{"embeddable":true,"href":"https:\/\/www.esportesbrasilia.com.br\/noticias\/wp-json\/wp\/v2\/comments?post=11832"}],"version-history":[{"count":3,"href":"https:\/\/www.esportesbrasilia.com.br\/noticias\/wp-json\/wp\/v2\/posts\/11832\/revisions"}],"predecessor-version":[{"id":11836,"href":"https:\/\/www.esportesbrasilia.com.br\/noticias\/wp-json\/wp\/v2\/posts\/11832\/revisions\/11836"}],"wp:featuredmedia":[{"embeddable":true,"href":"https:\/\/www.esportesbrasilia.com.br\/noticias\/wp-json\/wp\/v2\/media\/8375"}],"wp:attachment":[{"href":"https:\/\/www.esportesbrasilia.com.br\/noticias\/wp-json\/wp\/v2\/media?parent=11832"}],"wp:term":[{"taxonomy":"category","embeddable":true,"href":"https:\/\/www.esportesbrasilia.com.br\/noticias\/wp-json\/wp\/v2\/categories?post=11832"},{"taxonomy":"post_tag","embeddable":true,"href":"https:\/\/www.esportesbrasilia.com.br\/noticias\/wp-json\/wp\/v2\/tags?post=11832"}],"curies":[{"name":"wp","href":"https:\/\/api.w.org\/{rel}","templated":true}]}}