{"id":11665,"date":"2019-09-02T15:37:47","date_gmt":"2019-09-02T18:37:47","guid":{"rendered":"http:\/\/www.esportesbrasilia.com.br\/noticias\/?p=11665"},"modified":"2019-09-02T14:24:07","modified_gmt":"2019-09-02T17:24:07","slug":"ex-atleta-abre-projeto-para-formar-novos-atletas-de-futevolei","status":"publish","type":"post","link":"https:\/\/www.esportesbrasilia.com.br\/noticias\/outros\/ex-atleta-abre-projeto-para-formar-novos-atletas-de-futevolei.html","title":{"rendered":"Ex-atleta abre projeto para formar novos atletas de futev\u00f4lei"},"content":{"rendered":"\n<p>Inclus\u00e3o na sociedade. \u00c9 com esse objetivo que o ex-atleta de futebol Gilson Barbosa iniciou um grupo para ensinar a arte do futev\u00f4lei para pessoas carentes.<\/p>\n\n\n\n<p>&#8220;Estamos levando este projeto para as pessoas carentes, pessoas que mais necessitam do esporte. Inclu\u00ed-las no esporte \u00e9 inclu\u00ed-las na sociedade&#8221;, ressalta.<\/p>\n\n\n\n<p>Gilson falou sobre o come\u00e7o dif\u00edcil de vida e como chegou ao esporte. &#8220;Eu nunca esqueci minhas ra\u00edzes. Sou um cara pobre, mas hoje estou em condi\u00e7\u00f5es melhores de vida. Comecei pelo futebol, passei um tempo e depois deixei os gramados, mas sem esquecer de onde tudo come\u00e7ou. Com esse toque, de nunca esquecer minhas ra\u00edzes, resolvi criar o projeto e ajudar as pessoas a conhecerem o futev\u00f4lei&#8221;, afirmou.<\/p>\n\n\n\n<p>Para participar do projeto, o candidato poder\u00e1 realizar um m\u00eas de aula experimental. &#8220;Dependendo da atua\u00e7\u00e3o e da condi\u00e7\u00e3o do atleta, ele tem uma porcentagem na bolsa de patroc\u00ednio. Se ele tiver interesse e muita qualidade, custeamos passagem e alimenta\u00e7\u00e3o para que esse atleta possa estar representando o Distrito Federal em competi\u00e7\u00f5es nacionais e internacionais&#8221;, explica Gilson.<\/p>\n\n\n\n<p>As aulas s\u00e3o realizadas no Parque de \u00c1guas Claras, das 07 \u00e0s 10 e de 19 \u00e0s 21h30, de segunda a quinta-feira.<\/p>\n","protected":false},"excerpt":{"rendered":"<p>Inclus\u00e3o na sociedade. \u00c9 com esse objetivo que o ex-atleta de futebol Gilson Barbosa iniciou um grupo para ensinar a arte do futev\u00f4lei para pessoas carentes. &#8220;Estamos levando este projeto para as pessoas carentes, pessoas que mais necessitam do esporte. Inclu\u00ed-las no esporte \u00e9 inclu\u00ed-las na sociedade&#8221;, ressalta. Gilson falou sobre o come\u00e7o dif\u00edcil de [&hellip;]<\/p>\n","protected":false},"author":2,"featured_media":11723,"comment_status":"open","ping_status":"closed","sticky":false,"template":"","format":"standard","meta":{"footnotes":""},"categories":[2],"tags":[],"class_list":["post-11665","post","type-post","status-publish","format-standard","has-post-thumbnail","hentry","category-outros"],"_links":{"self":[{"href":"https:\/\/www.esportesbrasilia.com.br\/noticias\/wp-json\/wp\/v2\/posts\/11665","targetHints":{"allow":["GET"]}}],"collection":[{"href":"https:\/\/www.esportesbrasilia.com.br\/noticias\/wp-json\/wp\/v2\/posts"}],"about":[{"href":"https:\/\/www.esportesbrasilia.com.br\/noticias\/wp-json\/wp\/v2\/types\/post"}],"author":[{"embeddable":true,"href":"https:\/\/www.esportesbrasilia.com.br\/noticias\/wp-json\/wp\/v2\/users\/2"}],"replies":[{"embeddable":true,"href":"https:\/\/www.esportesbrasilia.com.br\/noticias\/wp-json\/wp\/v2\/comments?post=11665"}],"version-history":[{"count":1,"href":"https:\/\/www.esportesbrasilia.com.br\/noticias\/wp-json\/wp\/v2\/posts\/11665\/revisions"}],"predecessor-version":[{"id":11666,"href":"https:\/\/www.esportesbrasilia.com.br\/noticias\/wp-json\/wp\/v2\/posts\/11665\/revisions\/11666"}],"wp:featuredmedia":[{"embeddable":true,"href":"https:\/\/www.esportesbrasilia.com.br\/noticias\/wp-json\/wp\/v2\/media\/11723"}],"wp:attachment":[{"href":"https:\/\/www.esportesbrasilia.com.br\/noticias\/wp-json\/wp\/v2\/media?parent=11665"}],"wp:term":[{"taxonomy":"category","embeddable":true,"href":"https:\/\/www.esportesbrasilia.com.br\/noticias\/wp-json\/wp\/v2\/categories?post=11665"},{"taxonomy":"post_tag","embeddable":true,"href":"https:\/\/www.esportesbrasilia.com.br\/noticias\/wp-json\/wp\/v2\/tags?post=11665"}],"curies":[{"name":"wp","href":"https:\/\/api.w.org\/{rel}","templated":true}]}}