{"id":11268,"date":"2019-07-05T09:09:00","date_gmt":"2019-07-05T12:09:00","guid":{"rendered":"http:\/\/www.esportesbrasilia.com.br\/noticias\/?p=11268"},"modified":"2019-07-05T09:09:04","modified_gmt":"2019-07-05T12:09:04","slug":"brasilia-open-recebe-principais-atletas-do-tenis-em-cadeira-de-rodas-neste-fim-de-semana","status":"publish","type":"post","link":"https:\/\/www.esportesbrasilia.com.br\/noticias\/esporteparalimpico\/brasilia-open-recebe-principais-atletas-do-tenis-em-cadeira-de-rodas-neste-fim-de-semana.html","title":{"rendered":"Bras\u00edlia Open recebe principais atletas do T\u00eanis em Cadeira de Rodas neste fim de semana"},"content":{"rendered":"\n<p><em>Fonte: CBT<\/em><\/p>\n\n\n\n<p>A capital federal recebe at\u00e9 domingo (07) o Bras\u00edlia Open, torneio de T\u00eanis em Cadeira de Rodas que re\u00fane os principais nomes da modalidade no pa\u00eds e com a presen\u00e7a de atletas do exterior. A competi\u00e7\u00e3o, realizada pela Confedera\u00e7\u00e3o Brasileira de T\u00eanis (CBT), ser\u00e1 disputada no Bras\u00edlia Country Club. A entrada \u00e9 gratuita.<\/p>\n\n\n\n<p>O torneio &#8211; de n\u00edvel ITF 2, o de maior pontua\u00e7\u00e3o na Am\u00e9rica Latina &#8211; ser\u00e1 disputado em quatro categorias: Open Masculino, Open Feminino, Quad e J\u00fanior. Assim, os principais nomes da modalidade estar\u00e3o presentes em Bras\u00edlia, como Daniel Rodrigues, Meirycoll Duval, Ymanitu Silva, Jo\u00e3o Lucas Takaki, entre outros.<\/p>\n\n\n\n<p>Al\u00e9m dos atletas brasileiros, est\u00e1 prevista a participa\u00e7\u00e3o de estrangeiros de v\u00e1rios pa\u00edses, como Estados Unidos, Reino Unido, Canad\u00e1, Argentina, Jap\u00e3o, Chile, Equador, Guatemala, Peru e Costa Rica.<\/p>\n\n\n\n<figure class=\"wp-block-image\"><img loading=\"lazy\" decoding=\"async\" width=\"1024\" height=\"650\" src=\"https:\/\/www.esportesbrasilia.com.br\/noticias\/wp-content\/uploads\/teniscadeiraderodas-1024x650.jpeg\" alt=\"\" class=\"wp-image-11269\" srcset=\"https:\/\/www.esportesbrasilia.com.br\/noticias\/wp-content\/uploads\/teniscadeiraderodas-1024x650.jpeg 1024w, https:\/\/www.esportesbrasilia.com.br\/noticias\/wp-content\/uploads\/teniscadeiraderodas-300x190.jpeg 300w, https:\/\/www.esportesbrasilia.com.br\/noticias\/wp-content\/uploads\/teniscadeiraderodas-768x487.jpeg 768w, https:\/\/www.esportesbrasilia.com.br\/noticias\/wp-content\/uploads\/teniscadeiraderodas-696x441.jpeg 696w, https:\/\/www.esportesbrasilia.com.br\/noticias\/wp-content\/uploads\/teniscadeiraderodas-1068x677.jpeg 1068w, https:\/\/www.esportesbrasilia.com.br\/noticias\/wp-content\/uploads\/teniscadeiraderodas-662x420.jpeg 662w\" sizes=\"auto, (max-width: 1024px) 100vw, 1024px\" \/><figcaption>Daniel Rodrigues, da Selecao Brasileira de Tenis em Cadeira de Rodas, \u00e9 um dos competidores &#8211; Foto: Ale Cabral\/CPB<\/figcaption><\/figure>\n\n\n\n<p>A competi\u00e7\u00e3o tamb\u00e9m \u00e9 muito importante para tenistas que est\u00e3o em busca da classifica\u00e7\u00e3o para os jogos Pan-Americanos de Lima, no Peru, j\u00e1 que o ranking divulgado em 8 de julho (na pr\u00f3xima segunda-feira) serve como ponto de corte para os atletas em busca das vagas.<\/p>\n","protected":false},"excerpt":{"rendered":"<p>Fonte: CBT A capital federal recebe at\u00e9 domingo (07) o Bras\u00edlia Open, torneio de T\u00eanis em Cadeira de Rodas que re\u00fane os principais nomes da modalidade no pa\u00eds e com a presen\u00e7a de atletas do exterior. A competi\u00e7\u00e3o, realizada pela Confedera\u00e7\u00e3o Brasileira de T\u00eanis (CBT), ser\u00e1 disputada no Bras\u00edlia Country Club. A entrada \u00e9 gratuita. [&hellip;]<\/p>\n","protected":false},"author":1,"featured_media":11269,"comment_status":"open","ping_status":"closed","sticky":false,"template":"","format":"standard","meta":{"footnotes":""},"categories":[30],"tags":[],"class_list":["post-11268","post","type-post","status-publish","format-standard","has-post-thumbnail","hentry","category-esporteparalimpico"],"_links":{"self":[{"href":"https:\/\/www.esportesbrasilia.com.br\/noticias\/wp-json\/wp\/v2\/posts\/11268","targetHints":{"allow":["GET"]}}],"collection":[{"href":"https:\/\/www.esportesbrasilia.com.br\/noticias\/wp-json\/wp\/v2\/posts"}],"about":[{"href":"https:\/\/www.esportesbrasilia.com.br\/noticias\/wp-json\/wp\/v2\/types\/post"}],"author":[{"embeddable":true,"href":"https:\/\/www.esportesbrasilia.com.br\/noticias\/wp-json\/wp\/v2\/users\/1"}],"replies":[{"embeddable":true,"href":"https:\/\/www.esportesbrasilia.com.br\/noticias\/wp-json\/wp\/v2\/comments?post=11268"}],"version-history":[{"count":1,"href":"https:\/\/www.esportesbrasilia.com.br\/noticias\/wp-json\/wp\/v2\/posts\/11268\/revisions"}],"predecessor-version":[{"id":11270,"href":"https:\/\/www.esportesbrasilia.com.br\/noticias\/wp-json\/wp\/v2\/posts\/11268\/revisions\/11270"}],"wp:featuredmedia":[{"embeddable":true,"href":"https:\/\/www.esportesbrasilia.com.br\/noticias\/wp-json\/wp\/v2\/media\/11269"}],"wp:attachment":[{"href":"https:\/\/www.esportesbrasilia.com.br\/noticias\/wp-json\/wp\/v2\/media?parent=11268"}],"wp:term":[{"taxonomy":"category","embeddable":true,"href":"https:\/\/www.esportesbrasilia.com.br\/noticias\/wp-json\/wp\/v2\/categories?post=11268"},{"taxonomy":"post_tag","embeddable":true,"href":"https:\/\/www.esportesbrasilia.com.br\/noticias\/wp-json\/wp\/v2\/tags?post=11268"}],"curies":[{"name":"wp","href":"https:\/\/api.w.org\/{rel}","templated":true}]}}