{"id":11209,"date":"2019-06-29T11:18:53","date_gmt":"2019-06-29T14:18:53","guid":{"rendered":"http:\/\/www.esportesbrasilia.com.br\/noticias\/?p=11209"},"modified":"2019-06-29T11:18:56","modified_gmt":"2019-06-29T14:18:56","slug":"ponto-a-ponto-conheca-os-jogadores-de-chile-e-colombia","status":"publish","type":"post","link":"https:\/\/www.esportesbrasilia.com.br\/noticias\/colunas\/pontoaponto\/ponto-a-ponto-conheca-os-jogadores-de-chile-e-colombia.html","title":{"rendered":"Ponto a ponto, conhe\u00e7a os jogadores de Chile e Col\u00f4mbia"},"content":{"rendered":"\n<p><em>Por Elvio Andrade<\/em><\/p>\n\n\n\n<h3 class=\"wp-block-heading\"><strong>Goleiros<\/strong> => Ospina x Arias<\/h3>\n\n\n\n<p>O goleiro colombiano se destacou pela sele\u00e7\u00e3o na Copa do Mundo de 2014 no Brasil, o goleiro pertencia ao Nice-FRA quando foi um dos goleiros latinos americanos que foram destaques na Copa do Mundo de 2014 no Brasil junto de Kaylor Navas da Costa Rica; ap\u00f3s a Copa do Mundo, o Arsenal acertou a contrata\u00e7\u00e3o do goleiro colombiano. O goleiro argentino naturalizado chileno se destacou nessa temporada junto ao Racing-ARG sendo Campe\u00e3o Argentino. \u00c9 uma das poucas mudan\u00e7as da equipe bicampe\u00e3 da Copa Am\u00e9rica, al\u00e9m da mudan\u00e7a de Arias para o lugar de Bravo, Marip\u00e1n entrou na zaga, enquanto Mena e Valdivia sa\u00edram da equipe. <\/p>\n\n\n\n<h3 class=\"wp-block-heading\"><strong>Lateral Direita<\/strong> => Medina x Isla<\/h3>\n\n\n\n<p>O lateral colombiano \u00e9 um dos poucos que n\u00e3o jogam na Europa, defende o clube do Pachuca-MEX. Foi campe\u00e3o da Liga dos Campe\u00f5es da CONCACAF pelo clube mexicano e revelado pelo Atl\u00e9tico Nacional-COL. O lateral chileno foi revelado pelo Universidad Cat\u00f3lica, dali partiu para Udinese, Juventus e Cagliari, at\u00e9 chegar ao seu atual clube Fenerbahce-TUR. Foi premiado como lateral da sele\u00e7\u00e3o ideal da Copa Am\u00e9rica Centen\u00e1rio 2016 e luta com Daniel Alves pelo pr\u00eamio dessa Copa Am\u00e9rica.<\/p>\n\n\n\n<h3 class=\"wp-block-heading\"><strong>Zagueiros<\/strong> -> Davinson S\u00e1nchez e Mina x Medel e Marip\u00e1n<\/h3>\n\n\n\n<p>A dupla de zaga da Col\u00f4mbia assusta com a altura e qualidade, apesar da imprevisibilidade do zagueiro Mina podendo ser her\u00f3i ou algoz. Teve excelente fase jogando pelo Palmeiras conquistando titulo do Brasileiro de 2016, mas n\u00e3o surpreendeu no Barcelona e nem tampouco no Everton-ING. A dupla de zaga da Col\u00f4mbia joga na Premier League, enquanto S\u00e1nchez \u00e9 zagueiro do vice campe\u00e3o da Champions League, Tottenham Spurs; Mina se destacou na \u00faltima Copa do Mundo na R\u00fassia marcando 3 gols de cabe\u00e7a; se tornando o maior artilheiro n\u00e3o europeu da competi\u00e7\u00e3o.<\/p>\n\n\n\n<p>Medel esteve na final da Copa Am\u00e9rica de 2015, portanto esteve em campo nas duas finais de Copa Am\u00e9rica vencendo as duas. O treinador chileno observando o envelhecimento de sua defesa preferiu adicionar Marip\u00e1n. No jogo contra o Uruguai enfrentou com 3 zagueiros, al\u00e9m de Medel e Marip\u00e1n havia Jara. O t\u00e9cnico Rueda preferiu ousar retirando um dos zagueiros para acrescentar na linha ofensiva com Fuenzalida, evitando que o Chile chamasse a Col\u00f4mbia para seu campo de defesa.  O zagueiro chileno, Marip\u00e1n, joga no futebol espanhol do Alav\u00e9s, clube que o contratou ap\u00f3s 5 temporadas no Universidad Cat\u00f3lica-CHI. <\/p>\n\n\n\n<h3 class=\"wp-block-heading\"><strong>Lateral Esquerda<\/strong> -> Tesillo x Beaseujour<\/h3>\n\n\n\n<p>Tesillo, jogador do Indepediente Santa F\u00e9, atleta t\u00e1tico que possui limita\u00e7\u00f5es, por\u00e9m consegue efetuar a fun\u00e7\u00e3o sem causar maiores danos a defesa colombiana. Quando tenta participar de jogadas ofensivas possui \u00eaxito nos passes e dribles na linha de fundo, n\u00e3o \u00e9 um bom finalizado. Beasejour \u00e9 o jogador mais experiente junto de Al\u00e9xis Sanchez, o lateral \u00e9 um excelente cruzador, possui avantajada for\u00e7a f\u00edsica e excelente cobrador de p\u00eanalti. No treinamento para o jogo contra a Col\u00f4mbia o jogador obteve 100% nesse fundamento. O jogador j\u00e1 atuou no Gr\u00eamio, Wigan-ING, Colo Colo, mas hoje pertence a Universidad de Chile, mesmo sendo revelado pela Universidad Cat\u00f3lica.<\/p>\n\n\n\n<h3 class=\"wp-block-heading\"><strong>Volantes<\/strong> -> Uribe e Barrios x Pulgar e Vidal<\/h3>\n\n\n\n<p>Uribe \u00e9 jogador do Am\u00e9rica-MEX, possui 28 anos e excelente entrosamento com seu parceiro de posi\u00e7\u00e3o, Barrios. O volante Barrios acertou com o Zenit-RUS, ap\u00f3s uma excelente passagem pelo Boca Juniors conquistando um bicampeonato Argentino 2016-2017 e 2017-2018. Pulgar esteve presente no segundo titulo do Chile, mas ainda n\u00e3o era titular. O jogador de 25 anos pertence ao Bolonha e atua na nova gera\u00e7\u00e3o chilena que tenta assegurar o tri campeonato. Arturo Vidal \u00e9 exemplo de ra\u00e7a e determina\u00e7\u00e3o. O jogador j\u00e1 passou por Juventus, Bayer Munchen e hoje pertence ao Barcelona. Vidal tem seu nome especulado por clubes italianos como Milan e Internazionale, al\u00e9m de surgir at\u00e9 como pedido da torcida do Flamengo. O jogador j\u00e1 demonstrou interesse em vestir a camisa rubro negra e cogitou encerrar a carreira no Rio de Janeiro.<\/p>\n\n\n\n<h3 class=\"wp-block-heading\"><strong>Meio Campo<\/strong> -> Cuadrado e James Rodriguez x Ar\u00e1nguiz e Fuenzalida<\/h3>\n\n\n\n<p>A dupla colombiana \u00e9 tida como os destaques na posi\u00e7\u00e3o, enquanto James Rodr\u00edguez, artilheiro da Copa do Mundo de 2014, vem sendo destaque na sua sele\u00e7\u00e3o e n\u00e3o mant\u00e9m a mesma qualidade nos clubes em que joga. Devido a isso, o jogador foi colocado em negocia\u00e7\u00e3o pelo Real Madrid e s\u00f3 saberemos desfechos ap\u00f3s a Copa Am\u00e9rica. Por\u00e9m, o t\u00e9cnico italiano Carlo Ancelloti demonstrou interesse em contar com o atleta para pr\u00f3xima temporada no Napoli. Enquanto o Cuadrado \u00e9 um excelente meia e articulador pela pontas, sendo um jogador importante nos clubes que jogou, tanto no Chelsea-ING, quanto no atual clube Juventus-ITA.<\/p>\n\n\n\n<p>O jogador chileno Ar\u00e1nguiz \u00e9 l\u00edder de assist\u00eancias para gol, al\u00e9m de ser o l\u00edder para passes que se transformaram em chances de gol junto de James Rodr\u00edguez e Coutinho na competi\u00e7\u00e3o. O meia atua pelo Bayer Leverkussen, mas \u00e9 conhecido da torcida colorada. Enquanto Fuenzalida j\u00e1 atuou pelo Boca Juniors e pertence a Universidad Cat\u00f3lica. O atleta caminha para o final da sua carreira com dois t\u00edtulos de Copa Am\u00e9rica na d\u00e9cada.<\/p>\n\n\n\n<h3 class=\"wp-block-heading\"><strong>Atacante<\/strong> -> Falc\u00e3o Garcia e Mart\u00ednez x Vargas e Al\u00e9xis S\u00e1nchez<\/h3>\n\n\n\n<p>Aos 33 anos, Falc\u00e3o Garcia deseja encerrar sua carreira levando a sele\u00e7\u00e3o colombiana o mais distante poss\u00edvel na Copa Am\u00e9rica, o centroavante deu volta por cima ap\u00f3s passagem ao futebol ingl\u00eas sem sucesso no Manchester United e no Chelsea, o jogador retornou ao M\u00f4naco e conquistou t\u00edtulo franc\u00eas al\u00e9m de eliminar o temido Manchester City de Pepe Guardiola na pen\u00faltima Champions League. Roger Mart\u00ednez \u00e9 atacante do Am\u00e9rica-MEX, autor do primeiro gol colombiano da Copa Am\u00e9rica disputa a vaga titular com Duv\u00e1n Zapata ap\u00f3s Muriel sair lesionado ainda no primeiro tempo do jogo contra Argentina. A dupla chilena possui um diferencial, al\u00e9m de possuir caracter\u00edsticas similares e obter um toque de bola envolvente, possui perigo em jogadas em profundidade junto a linha de fundo. A dupla chilena vem apresentando melhor futebol na sele\u00e7\u00e3o do que nos clubes que vem passando. Alexis Sanchez marcou na Copa Am\u00e9rica o mesmo tanto de gols que na temporada pelo Manchester United.<\/p>\n\n\n\n<h3 class=\"wp-block-heading\"><strong>T\u00e9cnico<\/strong> -> Carlos Queir\u00f3z x Reinaldo Rueda<\/h3>\n\n\n\n<p>O t\u00e9cnico mo\u00e7ambicano Carlos Queir\u00f3z foi auxiliar no Manchester United de Alex Fergunson, treinou a sele\u00e7\u00e3o portuguesa e iraniana antes de aceitar o comando da sele\u00e7\u00e3o colombiana. O t\u00e9cnico Rueda \u00e9 colombiano e j\u00e1 treinou a sele\u00e7\u00e3o colombiana de 2004 a 2006, al\u00e9m disso treinou a sele\u00e7\u00e3o hondurenha e equatoriana antes de chegar ao Flamengo. Aceitou comandar a sele\u00e7\u00e3o chilena com experi\u00eancia de trabalhos em sele\u00e7\u00f5es sul-americanas para esse novo desafio. Provavelmente \u00e9 o melhor t\u00e9cnico ao lado de \u00d3scar T\u00e1barez da Copa Am\u00e9rica.<\/p>\n","protected":false},"excerpt":{"rendered":"<p>Por Elvio Andrade Goleiros => Ospina x Arias O goleiro colombiano se destacou pela sele\u00e7\u00e3o na Copa do Mundo de 2014 no Brasil, o goleiro pertencia ao Nice-FRA quando foi um dos goleiros latinos americanos que foram destaques na Copa do Mundo de 2014 no Brasil junto de Kaylor Navas da Costa Rica; ap\u00f3s a [&hellip;]<\/p>\n","protected":false},"author":1,"featured_media":11177,"comment_status":"open","ping_status":"closed","sticky":false,"template":"","format":"standard","meta":{"footnotes":""},"categories":[459],"tags":[],"class_list":["post-11209","post","type-post","status-publish","format-standard","has-post-thumbnail","hentry","category-pontoaponto"],"_links":{"self":[{"href":"https:\/\/www.esportesbrasilia.com.br\/noticias\/wp-json\/wp\/v2\/posts\/11209","targetHints":{"allow":["GET"]}}],"collection":[{"href":"https:\/\/www.esportesbrasilia.com.br\/noticias\/wp-json\/wp\/v2\/posts"}],"about":[{"href":"https:\/\/www.esportesbrasilia.com.br\/noticias\/wp-json\/wp\/v2\/types\/post"}],"author":[{"embeddable":true,"href":"https:\/\/www.esportesbrasilia.com.br\/noticias\/wp-json\/wp\/v2\/users\/1"}],"replies":[{"embeddable":true,"href":"https:\/\/www.esportesbrasilia.com.br\/noticias\/wp-json\/wp\/v2\/comments?post=11209"}],"version-history":[{"count":1,"href":"https:\/\/www.esportesbrasilia.com.br\/noticias\/wp-json\/wp\/v2\/posts\/11209\/revisions"}],"predecessor-version":[{"id":11210,"href":"https:\/\/www.esportesbrasilia.com.br\/noticias\/wp-json\/wp\/v2\/posts\/11209\/revisions\/11210"}],"wp:featuredmedia":[{"embeddable":true,"href":"https:\/\/www.esportesbrasilia.com.br\/noticias\/wp-json\/wp\/v2\/media\/11177"}],"wp:attachment":[{"href":"https:\/\/www.esportesbrasilia.com.br\/noticias\/wp-json\/wp\/v2\/media?parent=11209"}],"wp:term":[{"taxonomy":"category","embeddable":true,"href":"https:\/\/www.esportesbrasilia.com.br\/noticias\/wp-json\/wp\/v2\/categories?post=11209"},{"taxonomy":"post_tag","embeddable":true,"href":"https:\/\/www.esportesbrasilia.com.br\/noticias\/wp-json\/wp\/v2\/tags?post=11209"}],"curies":[{"name":"wp","href":"https:\/\/api.w.org\/{rel}","templated":true}]}}