{"id":11197,"date":"2019-06-28T15:07:35","date_gmt":"2019-06-28T18:07:35","guid":{"rendered":"http:\/\/www.esportesbrasilia.com.br\/noticias\/?p=11197"},"modified":"2019-06-28T15:08:31","modified_gmt":"2019-06-28T18:08:31","slug":"ponto-a-ponto-o-que-foi-brasil-x-paraguai-pela-copa-america","status":"publish","type":"post","link":"https:\/\/www.esportesbrasilia.com.br\/noticias\/colunas\/pontoaponto\/ponto-a-ponto-o-que-foi-brasil-x-paraguai-pela-copa-america.html","title":{"rendered":"Ponto a ponto, o que foi Brasil x Paraguai pela Copa Am\u00e9rica"},"content":{"rendered":"\n<p>A partir das quartas de final da Copa Am\u00e9rica, a Esportes Bras\u00edlia volta a trazer colunistas para falar sobre os mais diversos assuntos esportivos. Para come\u00e7ar, Elvio Andrade passa a trazer o &#8220;<strong>Ponto a Ponto<\/strong>&#8220;: um espa\u00e7o em que os jogadores que est\u00e3o em campo nas partidas s\u00e3o comparados, para que o torcedor possa conhecer um pouco mais de quem entrou em campo.<\/p>\n\n\n\n<p>Na primeira coluna, \u00c9lvio traz a an\u00e1lise do confronto entre Brasil e Paraguai, vencido apenas nos p\u00eanaltis pelos brasileiros, por 4&#215;3 (no tempo normal, o placar foi de 0x0).<\/p>\n\n\n\n<hr class=\"wp-block-separator\"\/>\n\n\n\n<h3 class=\"wp-block-heading\"><strong>Goleiros<\/strong> => Alisson Becker x Gatito Fern\u00e1ndez<\/h3>\n\n\n\n<p>Liverpool x Botafogo. O goleiro brasileiro teve passagem pelo Internacional\/RS onde saiu das categorias de base, da escola de Cl\u00e1udio Taffarell. Foi para a Roma em 2016 e permaneceu at\u00e9 2018, quando o Liverpool precisava de um goleiro para substituir Karius \u2013 o goleiro que falhou na final da Champions League 2017\/2018 na final contra o Real Madrid. No ano seguinte, Liverpool campe\u00e3o sobre o Tottenham Spurs, na final entre Kl\u00f6pp x Pochettino. Gatito teve passagem pelo Racing\/ARG, Utrecht\/HOL, Vit\u00f3ria\/Ba e Figueirense\/SC antes de chegar ao Botafogo, por\u00e9m come\u00e7ou a carreira no Cerro Porte\u00f1o\/PAR.<\/p>\n\n\n\n<h3 class=\"wp-block-heading\"><strong>Lateral Direita<\/strong> => Daniel Alves x Iv\u00e1n Piris<\/h3>\n\n\n\n<p>De um lado o jogador com mais t\u00edtulos oficiais na hist\u00f3ria do futebol \u2013 Daniel Alves &#8211; do outro lado, Iv\u00e1n Rodrigo Piris Leguiz\u00e1mon, revelado pelo Cerro Porte\u00f1o, assim como o Gatito. Piris \u00e9 conhecido de um torcedor tricolor, com passagem no S\u00e3o Paulo em 2011 e 2012, depois jogou pela Roma\/ITA, Sporting\/POR, Udinese\/ITA, depois da Europa tentou a carreira retornando para a M\u00e9xico, Monterrey e L\u00e9on foram seus destinos, por fim retornou ao Paraguai jogando pelo Libertad. O curioso da passagem de Piris pelo S\u00e3o Paulo foi que na partida em que o lateral marcou seu \u00fanico gol contra o Cear\u00e1 na goleada de 4a0, tamb\u00e9m marcaram os gols desse jogo: Casemiro e Rivaldo. Al\u00e9m disso, o time ainda contava com Lucas, her\u00f3i do Tottenham na Champions League desse ano. Enquanto Dani Alves coleciona 42 titulos na carreira com passagens por Barcelona, Juventus e PSG. O destino do jogador ainda \u00e9 incerto, mas h\u00e1 quem diga que ele retornar\u00e1 para Barcelona.<\/p>\n\n\n\n<h3 class=\"wp-block-heading\"><strong>Zagueiros<\/strong> => Marquinhos e Thiago Silva x Gustavo G\u00f3mez e Balbuena<\/h3>\n\n\n\n<p>Um duelo entre zagueiros do PSG contra zagueiros que s\u00e3o \u00eddolos de torcidas rivais paulistas: Gustavo Gomez, atual zagueiro do Palmeiras, respons\u00e1vel pela defesa menos vazada do Campeonato Brasileiro de 2019 e Balbuena, ex zagueiro do Corinthians, respons\u00e1vel pela defesa menos vazada do Campeonato Brasileiro de 2017. Um trabalho duro para o ataque brasileiro, por\u00e9m com passagens pelo futebol brasileiro, ningu\u00e9m melhor para conhecer as qualidades e os defeitos de cada um. Enquanto a zaga brasileira permanece sem tomar gol e buscando cada vez mais n\u00e3o ser surpreendida com o contra ataque paraguaio, melhor subida ao ataque para fazer gols em jogadas a\u00e9reas do que Balbuena e G\u00f3mez, apenas Mina e S\u00e1nchez nessa Copa Am\u00e9rica pode superar.<\/p>\n\n\n\n<h3 class=\"wp-block-heading\"><strong>Lateral Esquerda<\/strong> => Filipe Lu\u00eds x Junior Alonso<\/h3>\n\n\n\n<p>Atl\u00e9tico de Madrid x Boca JRS. O lateral de seguran\u00e7a de Diego Simeone pode ser novidade no futebol brasileiro nos pr\u00f3ximos meses, enquanto os clubes europeus n\u00e3o se movimentam para trazer Filipe Lu\u00eds para seu plantel, clubes como Flamengo e Palmeiras j\u00e1 sondam o jogador em suas especula\u00e7\u00f5es. \u00d3timo lateral defensivo, que algumas vezes sobe ao ataque e auxilia muito os centroavantes em jogadas de contra ataque. Junior Alonso pertence ao Lille\/FRA, mas joga pelo Boca Jrs por empr\u00e9stimo, ap\u00f3s passagem pelo futebol espanhol.<\/p>\n\n\n\n<h3 class=\"wp-block-heading\"><strong>Volantes<\/strong> => Allan e Arthur x Ortiz e Richard S\u00e1nchez<\/h3>\n\n\n\n<p>Garoto das categorias de base do Vasco quando surgiu, o atleta chegou a jogar 100 jogos com a camisa cruzmaltina. Se transferiu para a Udinese onde jogou por 3 temporadas, logo depois foi transferido para o Napoli, seu atual clube. O garoto Arthur surgia no Gr\u00eamio e conquistou Libertadores da Am\u00e9rica, dali partiu para o Barcelona\/ESP onde ganhou o apelido de \u201cnovo Xavi\u201d pela forma de organizar o meio campo e com a efici\u00eancia com os passes corretos.<\/p>\n\n\n\n<p>Ortiz surgiu nas categorias de base do Olimpia, onde permanece jogando atualmente, teve passagem pelo Toluca-MEX em 2013-2014. Richard S\u00e1nchez, jogador jovem que atuou pelo River Plate, com o fim do empr\u00e9stimo retornou ao Olimpia.<\/p>\n\n\n\n<h3 class=\"wp-block-heading\"><strong>Meias<\/strong> => Coutinho e Everton x Arzamendia e Almir\u00f3n<\/h3>\n\n\n\n<p>Coutinho \u00e9 jogador do Barcelona, mas segue envolvido em suspeitas de transfer\u00eancias, h\u00e1 quem diga que o Liverpool gostaria de repatri\u00e1-lo, enquanto isso Everton cebolinha vem chamando aten\u00e7\u00e3o e usa a Copa Am\u00e9rica como principal holofote. Surgindo do banco e tomando a posi\u00e7\u00e3o de David Neres, o gremista apresenta regularidade e ousadia ao enfrentar os jogadores no mano a mano. Minhas fontes disseram que o Milan tem interesse no Everton e tenta di\u00e1logos ap\u00f3s a Copa Am\u00e9rica, concorda com uma dupla Paquet\u00e1 e Everton no clube rossonero para pr\u00f3xima temporada. Arzamendia tem 21 anos, joga pelo Cerro Porte\u00f1o, enquanto Almir\u00f3n \u00e9 jogador contratado do Newcastle. Almir\u00f3n obteve destaque na Liga Americana de Futebol (MLS) pelo Atlanta United, chamando aten\u00e7\u00e3o pela velocidade, chegou ao Newcastle como a principal refer\u00eancia no meio campo. Esse jogador n\u00e3o deve durar muito tempo no Newcastle e logo aparecer\u00e1 nas manchetes de transa\u00e7\u00f5es.<\/p>\n\n\n\n<h3 class=\"wp-block-heading\"><strong>Ataques<\/strong> => Firmino e Jesus x Derlis Gonz\u00e1lez e Hern\u00e1n P\u00e9rez<\/h3>\n\n\n\n<p>Uma dupla formada por atacantes de Manchester City e Liverpool contra uma dupla de atacantes que joga pelo Espanyol\/ESP e Santos\/BRA. Firmino vive um momento espetacular em seu clube, enquanto Jesus pede passagem numa vaga que tem o \u00eddolo Ag\u00fcero fazendo o imposs\u00edvel acontecer. Derlis veio do Dinamo de Kiev e foi envolvido em negocia\u00e7\u00e3o com o empr\u00e9stimo de Vitor Bueno. O jogador esteve presente na \u00faltima elimina\u00e7\u00e3o do Brasil frente ao Paraguai em 2015 nos p\u00eanaltis. <\/p>\n\n\n\n<h3 class=\"wp-block-heading\"><strong>T\u00e9cnicos<\/strong> => Tite x Eduardo Berizzo<\/h3>\n\n\n\n<p>O t\u00e9cnico brasileiro treinou Corinthians e Gr\u00eamio antes de chegar a sele\u00e7\u00e3o. O t\u00e9cnico argentino treinou Atl\u00e9tico Bilbao e Sevilla antes de assumir a sele\u00e7\u00e3o paraguaia. Como jogador, Tite passou por Portuguesa e Guarani, enquanto Berizzo passou por River Plate e Newell Old Boys.  <\/p>\n","protected":false},"excerpt":{"rendered":"<p>A partir das quartas de final da Copa Am\u00e9rica, a Esportes Bras\u00edlia volta a trazer colunistas para falar sobre os mais diversos assuntos esportivos. Para come\u00e7ar, Elvio Andrade passa a trazer o &#8220;Ponto a Ponto&#8220;: um espa\u00e7o em que os jogadores que est\u00e3o em campo nas partidas s\u00e3o comparados, para que o torcedor possa conhecer [&hellip;]<\/p>\n","protected":false},"author":1,"featured_media":11177,"comment_status":"open","ping_status":"closed","sticky":false,"template":"","format":"standard","meta":{"footnotes":""},"categories":[459],"tags":[],"class_list":["post-11197","post","type-post","status-publish","format-standard","has-post-thumbnail","hentry","category-pontoaponto"],"_links":{"self":[{"href":"https:\/\/www.esportesbrasilia.com.br\/noticias\/wp-json\/wp\/v2\/posts\/11197","targetHints":{"allow":["GET"]}}],"collection":[{"href":"https:\/\/www.esportesbrasilia.com.br\/noticias\/wp-json\/wp\/v2\/posts"}],"about":[{"href":"https:\/\/www.esportesbrasilia.com.br\/noticias\/wp-json\/wp\/v2\/types\/post"}],"author":[{"embeddable":true,"href":"https:\/\/www.esportesbrasilia.com.br\/noticias\/wp-json\/wp\/v2\/users\/1"}],"replies":[{"embeddable":true,"href":"https:\/\/www.esportesbrasilia.com.br\/noticias\/wp-json\/wp\/v2\/comments?post=11197"}],"version-history":[{"count":1,"href":"https:\/\/www.esportesbrasilia.com.br\/noticias\/wp-json\/wp\/v2\/posts\/11197\/revisions"}],"predecessor-version":[{"id":11198,"href":"https:\/\/www.esportesbrasilia.com.br\/noticias\/wp-json\/wp\/v2\/posts\/11197\/revisions\/11198"}],"wp:featuredmedia":[{"embeddable":true,"href":"https:\/\/www.esportesbrasilia.com.br\/noticias\/wp-json\/wp\/v2\/media\/11177"}],"wp:attachment":[{"href":"https:\/\/www.esportesbrasilia.com.br\/noticias\/wp-json\/wp\/v2\/media?parent=11197"}],"wp:term":[{"taxonomy":"category","embeddable":true,"href":"https:\/\/www.esportesbrasilia.com.br\/noticias\/wp-json\/wp\/v2\/categories?post=11197"},{"taxonomy":"post_tag","embeddable":true,"href":"https:\/\/www.esportesbrasilia.com.br\/noticias\/wp-json\/wp\/v2\/tags?post=11197"}],"curies":[{"name":"wp","href":"https:\/\/api.w.org\/{rel}","templated":true}]}}