{"id":10722,"date":"2019-05-18T19:41:19","date_gmt":"2019-05-18T22:41:19","guid":{"rendered":"http:\/\/www.esportesbrasilia.com.br\/noticias\/?p=10722"},"modified":"2019-05-19T10:48:14","modified_gmt":"2019-05-19T13:48:14","slug":"sobradinho-perde-a-terceira-e-se-complica-no-brasileirao","status":"publish","type":"post","link":"https:\/\/www.esportesbrasilia.com.br\/noticias\/futebol\/sobradinho-perde-a-terceira-e-se-complica-no-brasileirao.html","title":{"rendered":"Sobradinho perde a terceira e se complica no Brasileir\u00e3o"},"content":{"rendered":"\n<p>O Sobradinho recebeu a Portuguesa\/RJ no Augustinho Lima, \u00e0s 15h30 deste s\u00e1bado (18) e, novamente, foi derrotado pela S\u00e9rie D 2019. O rev\u00e9s &#8211; terceiro em tr\u00eas partidas &#8211; praticamente acaba com o sonho do alvinegro em passar para a segunda fase da competi\u00e7\u00e3o. <\/p>\n\n\n\n<p>O \u00fanico gol da partida foi marcado por Alex, aos 22 minutos da primeira etapa. O goleiro L\u00e9o Rodrigues saiu errado no tiro de meta e o camisa 11 carioca pega a bola. Ele limpa da marca\u00e7\u00e3o e bate no canto esquerdo baixo do arqueiro candango.<\/p>\n\n\n\n<figure class=\"wp-block-image\"><img loading=\"lazy\" decoding=\"async\" width=\"1024\" height=\"682\" src=\"https:\/\/www.esportesbrasilia.com.br\/noticias\/wp-content\/uploads\/sobradinhoxportuguesa_ricardoribeiro_3-1024x682.jpg\" alt=\"\" class=\"wp-image-10728\" srcset=\"https:\/\/www.esportesbrasilia.com.br\/noticias\/wp-content\/uploads\/sobradinhoxportuguesa_ricardoribeiro_3-1024x682.jpg 1024w, https:\/\/www.esportesbrasilia.com.br\/noticias\/wp-content\/uploads\/sobradinhoxportuguesa_ricardoribeiro_3-300x200.jpg 300w, https:\/\/www.esportesbrasilia.com.br\/noticias\/wp-content\/uploads\/sobradinhoxportuguesa_ricardoribeiro_3-768x512.jpg 768w, https:\/\/www.esportesbrasilia.com.br\/noticias\/wp-content\/uploads\/sobradinhoxportuguesa_ricardoribeiro_3-696x464.jpg 696w, https:\/\/www.esportesbrasilia.com.br\/noticias\/wp-content\/uploads\/sobradinhoxportuguesa_ricardoribeiro_3-1068x712.jpg 1068w, https:\/\/www.esportesbrasilia.com.br\/noticias\/wp-content\/uploads\/sobradinhoxportuguesa_ricardoribeiro_3-630x420.jpg 630w, https:\/\/www.esportesbrasilia.com.br\/noticias\/wp-content\/uploads\/sobradinhoxportuguesa_ricardoribeiro_3.jpg 1280w\" sizes=\"auto, (max-width: 1024px) 100vw, 1024px\" \/><figcaption>Alex marcou o gol da vit\u00f3ria da Portuguesa sobre o Sobradinho &#8211; Foto: Ricardo Ribeiro\/Ag\u00eancia de Not\u00edcias UniCEUB<\/figcaption><\/figure>\n\n\n\n<p>O tento solit\u00e1rio foi suficiente para a Lusa carioca chegar aos quatro pontos na competi\u00e7\u00e3o. Na lanterna do grupo A12, o Sobradinho ainda n\u00e3o somou pontos. <\/p>\n\n\n\n<p>\u00c0 frente, Vit\u00f3ria\/ES, com seis pontos, e Caldense\/MG, com quatro, medem for\u00e7as pela terceira rodada no domingo (19), \u00e0s 15h, no Kl\u00e9ber de Andrade, em Cariacica (ES). <\/p>\n\n\n\n<p>Na reta final de jogo, os torcedores do Sobradinho foram para os vesti\u00e1rios protestar contra o time e contra T\u00falio Lustosa, que \u00e9 um dos mentores do time.<\/p>\n\n\n\n<figure class=\"wp-block-image\"><img loading=\"lazy\" decoding=\"async\" width=\"1024\" height=\"682\" src=\"https:\/\/www.esportesbrasilia.com.br\/noticias\/wp-content\/uploads\/sobradinhoxportuguesa_ricardoribeiro_1-1024x682.jpg\" alt=\"\" class=\"wp-image-10726\" srcset=\"https:\/\/www.esportesbrasilia.com.br\/noticias\/wp-content\/uploads\/sobradinhoxportuguesa_ricardoribeiro_1-1024x682.jpg 1024w, https:\/\/www.esportesbrasilia.com.br\/noticias\/wp-content\/uploads\/sobradinhoxportuguesa_ricardoribeiro_1-300x200.jpg 300w, https:\/\/www.esportesbrasilia.com.br\/noticias\/wp-content\/uploads\/sobradinhoxportuguesa_ricardoribeiro_1-768x512.jpg 768w, https:\/\/www.esportesbrasilia.com.br\/noticias\/wp-content\/uploads\/sobradinhoxportuguesa_ricardoribeiro_1-696x464.jpg 696w, https:\/\/www.esportesbrasilia.com.br\/noticias\/wp-content\/uploads\/sobradinhoxportuguesa_ricardoribeiro_1-1068x712.jpg 1068w, https:\/\/www.esportesbrasilia.com.br\/noticias\/wp-content\/uploads\/sobradinhoxportuguesa_ricardoribeiro_1-630x420.jpg 630w, https:\/\/www.esportesbrasilia.com.br\/noticias\/wp-content\/uploads\/sobradinhoxportuguesa_ricardoribeiro_1.jpg 1280w\" sizes=\"auto, (max-width: 1024px) 100vw, 1024px\" \/><figcaption>Sobradinho bem que tentou, mas acabou derrotado &#8211; pela terceira vez &#8211; no Campeonato Brasileiro &#8211; Foto: Ricardo Ribeiro\/Ag\u00eancia de Not\u00edcias UniCEUB<\/figcaption><\/figure>\n\n\n\n<p>A pr\u00f3xima partida do Le\u00e3o da Serra \u00e9 novamente contra a Portuguesa, mas desta vez, o alvinegro viaja \u00e0 ilha do Governador, no Rio, para medir for\u00e7as com a Lusa no pr\u00f3ximo s\u00e1bado, tamb\u00e9m \u00e0s 15h30. <\/p>\n\n\n\n<p><strong>CAMPEONATO BRASILEIRO S\u00c9RIE D &#8211; TERCEIRA RODADA<br>SOBRADINHO 0-1 PORTUGUESA<br>18.05.2019 &#8211; EST\u00c1DIO AGOSTINHO LIMA &#8211; SOBRADINHO<\/strong><\/p>\n\n\n\n<p>Cart\u00f5es Amarelos:<br>Andrezinho, Jailton, Andrei Alba (Sobradinho)<br>Romarinho, Alex (Portuguesa)<\/p>\n\n\n\n<p>P\u00fablico: 70 pagantes<br>Renda: R$ 700,00<\/p>\n\n\n\n<p><strong>SOBRADINHO<\/strong><br>L\u00e9o Rodrigues; Andrezinho, Jailton, Igor e Dionatan; Murilo (Tonton), Luis Felipe e Andrei Alba; Jo\u00e3o de Deus (Kak\u00e1), FIlipe Cirne e Leandro Aguiar (Teles).<br>T\u00e9cnico: Victor Santana<\/p>\n\n\n\n<p><strong>PORTUGUESA<\/strong><br>Jefferson; Dieguinho, Diego Guerra, Marc\u00e3o e Diego Maia; Muniz, Romarinho (Rodriguinho), Rezende e Davi Cear\u00e1 (Vitinho); Cavalo (Levi) e Alex<br>T\u00e9cnico: Edson Souza<\/p>\n","protected":false},"excerpt":{"rendered":"<p>O Sobradinho recebeu a Portuguesa\/RJ no Augustinho Lima, \u00e0s 15h30 deste s\u00e1bado (18) e, novamente, foi derrotado pela S\u00e9rie D 2019. O rev\u00e9s &#8211; terceiro em tr\u00eas partidas &#8211; praticamente acaba com o sonho do alvinegro em passar para a segunda fase da competi\u00e7\u00e3o. O \u00fanico gol da partida foi marcado por Alex, aos 22 [&hellip;]<\/p>\n","protected":false},"author":2,"featured_media":10726,"comment_status":"open","ping_status":"closed","sticky":false,"template":"","format":"standard","meta":{"footnotes":""},"categories":[8],"tags":[433,62,41],"class_list":["post-10722","post","type-post","status-publish","format-standard","has-post-thumbnail","hentry","category-futebol","tag-portuguesa","tag-serie-d","tag-sobradinho"],"_links":{"self":[{"href":"https:\/\/www.esportesbrasilia.com.br\/noticias\/wp-json\/wp\/v2\/posts\/10722","targetHints":{"allow":["GET"]}}],"collection":[{"href":"https:\/\/www.esportesbrasilia.com.br\/noticias\/wp-json\/wp\/v2\/posts"}],"about":[{"href":"https:\/\/www.esportesbrasilia.com.br\/noticias\/wp-json\/wp\/v2\/types\/post"}],"author":[{"embeddable":true,"href":"https:\/\/www.esportesbrasilia.com.br\/noticias\/wp-json\/wp\/v2\/users\/2"}],"replies":[{"embeddable":true,"href":"https:\/\/www.esportesbrasilia.com.br\/noticias\/wp-json\/wp\/v2\/comments?post=10722"}],"version-history":[{"count":2,"href":"https:\/\/www.esportesbrasilia.com.br\/noticias\/wp-json\/wp\/v2\/posts\/10722\/revisions"}],"predecessor-version":[{"id":10729,"href":"https:\/\/www.esportesbrasilia.com.br\/noticias\/wp-json\/wp\/v2\/posts\/10722\/revisions\/10729"}],"wp:featuredmedia":[{"embeddable":true,"href":"https:\/\/www.esportesbrasilia.com.br\/noticias\/wp-json\/wp\/v2\/media\/10726"}],"wp:attachment":[{"href":"https:\/\/www.esportesbrasilia.com.br\/noticias\/wp-json\/wp\/v2\/media?parent=10722"}],"wp:term":[{"taxonomy":"category","embeddable":true,"href":"https:\/\/www.esportesbrasilia.com.br\/noticias\/wp-json\/wp\/v2\/categories?post=10722"},{"taxonomy":"post_tag","embeddable":true,"href":"https:\/\/www.esportesbrasilia.com.br\/noticias\/wp-json\/wp\/v2\/tags?post=10722"}],"curies":[{"name":"wp","href":"https:\/\/api.w.org\/{rel}","templated":true}]}}