{"id":10632,"date":"2019-05-10T16:19:24","date_gmt":"2019-05-10T19:19:24","guid":{"rendered":"http:\/\/www.esportesbrasilia.com.br\/noticias\/?p=10632"},"modified":"2019-05-10T16:21:52","modified_gmt":"2019-05-10T19:21:52","slug":"nada-errado-dentro-de-casa-cobra-treinador-do-leao","status":"publish","type":"post","link":"https:\/\/www.esportesbrasilia.com.br\/noticias\/futebol\/nada-errado-dentro-de-casa-cobra-treinador-do-leao.html","title":{"rendered":"&#8220;Nada errado dentro de casa&#8221;, cobra treinador do Le\u00e3o da Serra"},"content":{"rendered":"\n<p>Ap\u00f3s estrear com rev\u00e9s no Esp\u00edrito Santo, frente ao Vit\u00f3ria, o Sobradinho busca a recupera\u00e7\u00e3o frente \u00e0 Caldense\/MG, neste s\u00e1bado (11), no Augustinho Lima. Para a partida &#8211; v\u00e1lida pela segunda rodada do grupo A12 na S\u00e9rie D -, o comandante do Sobradinho, Victor Santana, pede o apoio da torcida, mas exige aten\u00e7\u00e3o ao clube de Minas Gerais.<br><\/p>\n\n\n\n<p>J\u00e1 fizemos toda uma an\u00e1lise em cima desse advers\u00e1rio para que n\u00e3o aconte\u00e7a nada de errado dentro de casa&#8221;, frisou o comandante. Ainda sem digerir a derrota na estreia, Victor mira a recupera\u00e7\u00e3o do Le\u00e3o na S\u00e9rie D. &#8220;Uma vit\u00f3ria nos coloca no campeonato, ent\u00e3o espero que nesse jogo possa correr tudo bem e o Sobradinho fazer uma grande partida&#8221;, completou<em>.<\/em><\/p>\n\n\n\n<p>O treinador alerta tamb\u00e9m para o moral do clube de Po\u00e7os de Caldas, em alta ap\u00f3s o triunfo sobre a Portuguesa\/RJ no interior mineiro. \u201cA gente sabe da dificuldade que vai ser esse jogo\u201d, afirma o treinador. \u201cO time vem de vit\u00f3ria, com confian\u00e7a l\u00e1 em cima, e n\u00f3s temos que ter todo um cuidados para n\u00e3o ser surpreendido\u201d, completa.<br><\/p>\n\n\n\n<p>De refor\u00e7os, o Le\u00e3o poder\u00e1 contar com o volante Andrei Alba, contratado junto ao Real FC e regularizado nesta semana pelo alvinegro. Sem dar pistas sobre o meia, Santana garante apenas que o grupo fez \u201cuma boa semana de prepara\u00e7\u00e3o para esse jogo da Caldense\u201d. O comandante tamb\u00e9m n\u00e3o comentou sobre mudan\u00e7as no setor defensivo. <br><\/p>\n\n\n\n<p>Recuperados de les\u00e3o, Rafael Fontes e Paulinho voltam como op\u00e7\u00f5es para a segunda rodada do nacional. Mas, para Victor, o principal refor\u00e7o ser\u00e3o as arquibancadas do Augustinho Lima. \u201cQuero \u00e9 contar com o apoio do nosso torcedor para recuperar e voltar para o campeonato\u201d, convocou. <br><\/p>\n\n\n\n<h3 class=\"wp-block-heading\">Olheiro EB<\/h3>\n\n\n\n<p>No estadual, a Caldense alcan\u00e7ou o quinto lugar na primeira fase com 13 pontos em 11 jogos. Assim, para enfrentar o Am\u00e9rica\/MG nas quartas de final, mas acabou eliminada na partida \u00fanica do mata-mata. Ao todo, foram 14 gols concedidos pelo time de Po\u00e7os de Caldas, enquanto marcou 11 vezes no regional. <br><\/p>\n\n\n\n<p>Entre a elimina\u00e7\u00e3o no campeonato estadual (25\/03) e a estreia no Brasileir\u00e3o (04\/05), 40 dias se passaram. A intertemporada fez bem ao periquito mineiro, e o alviverde bateu a Portuguesa\/RJ por 2&#215;1 no primeiro jogo da S\u00e9rie D. A Caldense ocupa a segunda posi\u00e7\u00e3o do grupo A12 com os mesmos tr\u00eas pontos do Vit\u00f3ria\/ES, mas saldo inferior; o Sobradinho, por sua vez, \u00e9 o lanterna da chave. <br><\/p>\n\n\n\n<p>A primeira partida na hist\u00f3ria entre as equipes marca o terceiro confronto do Le\u00e3o contra times filiados \u00e0 Federa\u00e7\u00e3o Mineira. Antes, apenas dois jogos contra o Atl\u00e9tico pelo Brasileir\u00e3o de 1986. <\/p>\n\n\n\n<p><\/p>\n\n\n\n<p><\/p>\n\n\n\n<p><\/p>\n\n\n\n<p><\/p>\n\n\n\n<p><br><\/p>\n","protected":false},"excerpt":{"rendered":"<p>Ap\u00f3s estrear com rev\u00e9s no Esp\u00edrito Santo, frente ao Vit\u00f3ria, o Sobradinho busca a recupera\u00e7\u00e3o frente \u00e0 Caldense\/MG, neste s\u00e1bado (11), no Augustinho Lima. Para a partida &#8211; v\u00e1lida pela segunda rodada do grupo A12 na S\u00e9rie D -, o comandante do Sobradinho, Victor Santana, pede o apoio da torcida, mas exige aten\u00e7\u00e3o ao clube [&hellip;]<\/p>\n","protected":false},"author":2,"featured_media":8432,"comment_status":"open","ping_status":"closed","sticky":false,"template":"","format":"standard","meta":{"footnotes":""},"categories":[8],"tags":[409,63,62,41],"class_list":["post-10632","post","type-post","status-publish","format-standard","has-post-thumbnail","hentry","category-futebol","tag-caldense","tag-campeonato-brasileiro","tag-serie-d","tag-sobradinho"],"_links":{"self":[{"href":"https:\/\/www.esportesbrasilia.com.br\/noticias\/wp-json\/wp\/v2\/posts\/10632","targetHints":{"allow":["GET"]}}],"collection":[{"href":"https:\/\/www.esportesbrasilia.com.br\/noticias\/wp-json\/wp\/v2\/posts"}],"about":[{"href":"https:\/\/www.esportesbrasilia.com.br\/noticias\/wp-json\/wp\/v2\/types\/post"}],"author":[{"embeddable":true,"href":"https:\/\/www.esportesbrasilia.com.br\/noticias\/wp-json\/wp\/v2\/users\/2"}],"replies":[{"embeddable":true,"href":"https:\/\/www.esportesbrasilia.com.br\/noticias\/wp-json\/wp\/v2\/comments?post=10632"}],"version-history":[{"count":3,"href":"https:\/\/www.esportesbrasilia.com.br\/noticias\/wp-json\/wp\/v2\/posts\/10632\/revisions"}],"predecessor-version":[{"id":10636,"href":"https:\/\/www.esportesbrasilia.com.br\/noticias\/wp-json\/wp\/v2\/posts\/10632\/revisions\/10636"}],"wp:featuredmedia":[{"embeddable":true,"href":"https:\/\/www.esportesbrasilia.com.br\/noticias\/wp-json\/wp\/v2\/media\/8432"}],"wp:attachment":[{"href":"https:\/\/www.esportesbrasilia.com.br\/noticias\/wp-json\/wp\/v2\/media?parent=10632"}],"wp:term":[{"taxonomy":"category","embeddable":true,"href":"https:\/\/www.esportesbrasilia.com.br\/noticias\/wp-json\/wp\/v2\/categories?post=10632"},{"taxonomy":"post_tag","embeddable":true,"href":"https:\/\/www.esportesbrasilia.com.br\/noticias\/wp-json\/wp\/v2\/tags?post=10632"}],"curies":[{"name":"wp","href":"https:\/\/api.w.org\/{rel}","templated":true}]}}