{"id":10619,"date":"2019-05-09T14:39:40","date_gmt":"2019-05-09T17:39:40","guid":{"rendered":"http:\/\/www.esportesbrasilia.com.br\/noticias\/?p=10619"},"modified":"2019-05-09T14:56:21","modified_gmt":"2019-05-09T17:56:21","slug":"sobradinho-tera-novidades-para-segunda-rodada-da-serie-d%ef%bb%bf","status":"publish","type":"post","link":"https:\/\/www.esportesbrasilia.com.br\/noticias\/futebol\/sobradinho-tera-novidades-para-segunda-rodada-da-serie-d%ef%bb%bf.html","title":{"rendered":"Sobradinho ter\u00e1 novidades para segunda rodada da S\u00e9rie D\ufeff"},"content":{"rendered":"\n<p>Ap\u00f3s a derrota na estreia frente ao Vit\u00f3ria, no Esp\u00edrito Santo, por 2&#215;0, o Sobradinho aumenta o ritmo para a sequ\u00eancia da S\u00e9rie D 2019 e deve entrar com novidades no pr\u00f3ximo s\u00e1bado (11). \u00c0s 16h, o Le\u00e3o da Serra encara a Caldense\/MG pela segunda rodada do grupo A12 no Campeonato Brasileiro, <em>com transmiss\u00e3o da <\/em><strong><em>Esportes Bras\u00edlia<\/em><\/strong><em> direto do Augustinho Lima. <\/em><br><\/p>\n\n\n\n<p>O principal refor\u00e7o para o jogo frente aos mineiros \u00e9 o volante Andrei Alba, contratado junto ao Real FC, que foi regularizado nesta semana e est\u00e1 \u00e0 disposi\u00e7\u00e3o de Victor Santana. Recuperados de les\u00e3o, o atacante Rafael Fontes e o meia Paulinho continuam em transi\u00e7\u00e3o e t\u00eam possibilidades de figurar entre os relacionados no s\u00e1bado. <br><\/p>\n\n\n\n<p>Outra poss\u00edvel mudan\u00e7a \u00e9 na dupla de zaga alvinegra. A insatisfa\u00e7\u00e3o com o desempenho do miolo defensivo na estreia do Campeonato Brasileiro, Victor Santana deve promover a entrada de Jailton no setor. <br><\/p>\n\n\n\n<p><strong>Cen\u00e1rio<\/strong><br>O rev\u00e9s em Cariacica deixou o alvinegro na lanterna da chave. Isto porque a Portuguesa\/RJ, mesmo ao perder para Caldense em Po\u00e7os de Caldas, conseguiu balan\u00e7ar as redes advers\u00e1rias. Assim, tem saldo negativo de um gol, enquanto o Sobradinho deve dois na diferen\u00e7a de tentos. O Vit\u00f3ria \u00e9 l\u00edder do grupo, tamb\u00e9m pelo saldo de gols. <\/p>\n\n\n\n<p><\/p>\n","protected":false},"excerpt":{"rendered":"<p>Ap\u00f3s a derrota na estreia frente ao Vit\u00f3ria, no Esp\u00edrito Santo, por 2&#215;0, o Sobradinho aumenta o ritmo para a sequ\u00eancia da S\u00e9rie D 2019 e deve entrar com novidades no pr\u00f3ximo s\u00e1bado (11). \u00c0s 16h, o Le\u00e3o da Serra encara a Caldense\/MG pela segunda rodada do grupo A12 no Campeonato Brasileiro, com transmiss\u00e3o da [&hellip;]<\/p>\n","protected":false},"author":2,"featured_media":8432,"comment_status":"open","ping_status":"closed","sticky":false,"template":"","format":"standard","meta":{"footnotes":""},"categories":[8],"tags":[408,409,62,41],"class_list":["post-10619","post","type-post","status-publish","format-standard","has-post-thumbnail","hentry","category-futebol","tag-andrei-alba","tag-caldense","tag-serie-d","tag-sobradinho"],"_links":{"self":[{"href":"https:\/\/www.esportesbrasilia.com.br\/noticias\/wp-json\/wp\/v2\/posts\/10619","targetHints":{"allow":["GET"]}}],"collection":[{"href":"https:\/\/www.esportesbrasilia.com.br\/noticias\/wp-json\/wp\/v2\/posts"}],"about":[{"href":"https:\/\/www.esportesbrasilia.com.br\/noticias\/wp-json\/wp\/v2\/types\/post"}],"author":[{"embeddable":true,"href":"https:\/\/www.esportesbrasilia.com.br\/noticias\/wp-json\/wp\/v2\/users\/2"}],"replies":[{"embeddable":true,"href":"https:\/\/www.esportesbrasilia.com.br\/noticias\/wp-json\/wp\/v2\/comments?post=10619"}],"version-history":[{"count":2,"href":"https:\/\/www.esportesbrasilia.com.br\/noticias\/wp-json\/wp\/v2\/posts\/10619\/revisions"}],"predecessor-version":[{"id":10621,"href":"https:\/\/www.esportesbrasilia.com.br\/noticias\/wp-json\/wp\/v2\/posts\/10619\/revisions\/10621"}],"wp:featuredmedia":[{"embeddable":true,"href":"https:\/\/www.esportesbrasilia.com.br\/noticias\/wp-json\/wp\/v2\/media\/8432"}],"wp:attachment":[{"href":"https:\/\/www.esportesbrasilia.com.br\/noticias\/wp-json\/wp\/v2\/media?parent=10619"}],"wp:term":[{"taxonomy":"category","embeddable":true,"href":"https:\/\/www.esportesbrasilia.com.br\/noticias\/wp-json\/wp\/v2\/categories?post=10619"},{"taxonomy":"post_tag","embeddable":true,"href":"https:\/\/www.esportesbrasilia.com.br\/noticias\/wp-json\/wp\/v2\/tags?post=10619"}],"curies":[{"name":"wp","href":"https:\/\/api.w.org\/{rel}","templated":true}]}}