{"id":10051,"date":"2019-03-22T16:11:34","date_gmt":"2019-03-22T19:11:34","guid":{"rendered":"http:\/\/www.esportesbrasilia.com.br\/noticias\/?p=10051"},"modified":"2019-03-22T16:11:37","modified_gmt":"2019-03-22T19:11:37","slug":"ceilandia-encerra-participacao-no-candangao-2019-com-portoes-fechados","status":"publish","type":"post","link":"https:\/\/www.esportesbrasilia.com.br\/noticias\/futebol\/ceilandia-encerra-participacao-no-candangao-2019-com-portoes-fechados.html","title":{"rendered":"Ceil\u00e2ndia encerra participa\u00e7\u00e3o no Candang\u00e3o 2019 com port\u00f5es fechados"},"content":{"rendered":"\n<p>O Ceil\u00e2ndia realizar\u00e1 a \u00faltima partida do Candang\u00e3o 2019 de port\u00f5es fechados. A determina\u00e7\u00e3o do Tribunal de Justi\u00e7a Desportiva do DF veio ap\u00f3s o gato preto recorrer da pena da perda de um mando de campo por conta de bobinas e bombas atiradas no cl\u00e1ssico contra o Brasiliense.<\/p>\n\n\n\n<p>De acordo com a determina\u00e7\u00e3o do TJD\/DF, que acolheu o pedido do Ceil\u00e2ndia, o time poder\u00e1 receber o Paracatu neste domingo (24), \u00e0s 15h30, no est\u00e1dio Abadi\u00e3o. Contudo, a partida dever\u00e1 ser realizada sem a presen\u00e7a do torcedor ceilandense e paracatuense.<\/p>\n\n\n\n<p>O Ceil\u00e2ndia n\u00e3o tem mais chances de se classificar para a pr\u00f3xima fase do Candang\u00e3o 2019. J\u00e1 o Paracatu ainda briga por uma vaga no G4 da competi\u00e7\u00e3o. Para isso, precisa bater o gato preto e secar o Real, que enfrenta o Luzi\u00e2nia no Serra do Lago.<\/p>\n\n\n\n<p>Todos os jogos ter\u00e3o acompanhamento da <strong>Esportes Bras\u00edlia<\/strong> a partir das 15h deste domingo.<\/p>\n","protected":false},"excerpt":{"rendered":"<p>O Ceil\u00e2ndia realizar\u00e1 a \u00faltima partida do Candang\u00e3o 2019 de port\u00f5es fechados. A determina\u00e7\u00e3o do Tribunal de Justi\u00e7a Desportiva do DF veio ap\u00f3s o gato preto recorrer da pena da perda de um mando de campo por conta de bobinas e bombas atiradas no cl\u00e1ssico contra o Brasiliense. De acordo com a determina\u00e7\u00e3o do TJD\/DF, [&hellip;]<\/p>\n","protected":false},"author":2,"featured_media":8425,"comment_status":"open","ping_status":"closed","sticky":false,"template":"","format":"standard","meta":{"footnotes":""},"categories":[8],"tags":[40,346],"class_list":["post-10051","post","type-post","status-publish","format-standard","has-post-thumbnail","hentry","category-futebol","tag-ceilandia","tag-ceilandia-x-paracatu"],"_links":{"self":[{"href":"https:\/\/www.esportesbrasilia.com.br\/noticias\/wp-json\/wp\/v2\/posts\/10051","targetHints":{"allow":["GET"]}}],"collection":[{"href":"https:\/\/www.esportesbrasilia.com.br\/noticias\/wp-json\/wp\/v2\/posts"}],"about":[{"href":"https:\/\/www.esportesbrasilia.com.br\/noticias\/wp-json\/wp\/v2\/types\/post"}],"author":[{"embeddable":true,"href":"https:\/\/www.esportesbrasilia.com.br\/noticias\/wp-json\/wp\/v2\/users\/2"}],"replies":[{"embeddable":true,"href":"https:\/\/www.esportesbrasilia.com.br\/noticias\/wp-json\/wp\/v2\/comments?post=10051"}],"version-history":[{"count":1,"href":"https:\/\/www.esportesbrasilia.com.br\/noticias\/wp-json\/wp\/v2\/posts\/10051\/revisions"}],"predecessor-version":[{"id":10052,"href":"https:\/\/www.esportesbrasilia.com.br\/noticias\/wp-json\/wp\/v2\/posts\/10051\/revisions\/10052"}],"wp:featuredmedia":[{"embeddable":true,"href":"https:\/\/www.esportesbrasilia.com.br\/noticias\/wp-json\/wp\/v2\/media\/8425"}],"wp:attachment":[{"href":"https:\/\/www.esportesbrasilia.com.br\/noticias\/wp-json\/wp\/v2\/media?parent=10051"}],"wp:term":[{"taxonomy":"category","embeddable":true,"href":"https:\/\/www.esportesbrasilia.com.br\/noticias\/wp-json\/wp\/v2\/categories?post=10051"},{"taxonomy":"post_tag","embeddable":true,"href":"https:\/\/www.esportesbrasilia.com.br\/noticias\/wp-json\/wp\/v2\/tags?post=10051"}],"curies":[{"name":"wp","href":"https:\/\/api.w.org\/{rel}","templated":true}]}}